{"id":137987,"date":"2019-11-26T13:27:07","date_gmt":"2019-11-26T16:27:07","guid":{"rendered":"http:\/\/www.caririemacao.com\/1\/?p=137987"},"modified":"2019-11-26T13:27:07","modified_gmt":"2019-11-26T16:27:07","slug":"uefa-define-candidatos-a-selecao-do-ano-com-4-brasileiros-e-sem-neymar","status":"publish","type":"post","link":"https:\/\/www.caririemacao.com\/1\/2019\/11\/26\/uefa-define-candidatos-a-selecao-do-ano-com-4-brasileiros-e-sem-neymar\/","title":{"rendered":"Uefa define candidatos a &#8216;sele\u00e7\u00e3o do ano&#8217; com 4 brasileiros e sem Neymar"},"content":{"rendered":"\n<p>A Uefa divulgou nesta ter\u00e7a (26) quem s\u00e3o os 50 candidatos para formar a sele\u00e7\u00e3o do ano, com um time eleito pelo p\u00fablico para definir os 11 melhores da \u00faltima temporada. As vota\u00e7\u00f5es foram abertas tamb\u00e9m nesta ter\u00e7a, v\u00e3o at\u00e9 9 de janeiro no site da entidade e h\u00e1 quatro brasileiros concorrendo -Neymar \u00e9 a aus\u00eancia mais marcante.<\/p>\n\n\n\n<p>Os votantes t\u00eam de escolher entre cinco goleiros, entre eles dois brasileiros, Alisson e Ederson, 15 zagueiros, 15 meio-campistas, com Fabinho na disputa, e 15 atacantes, incluindo Firmino.<\/p>\n\n\n\n<p>Craques como Messi, Cristiano Ronaldo, Salah e Sterling fazem parte da lista, como era de se esperar. A lista foi feita por uma equipe da Uefa com base no desempenho entre janeiro e dezembro de 2019, sendo que as competi\u00e7\u00f5es da Uefa s\u00e3o o ponto mais importante da avalia\u00e7\u00e3o.<\/p>\n\n\n\n<p>O Liverpool \u00e9 o clube com mais indicados \u00e0 sele\u00e7\u00e3o do ano, com dez jogadores na lista.<\/p>\n\n\n\n<p>Entre os n\u00fameros curiosos da lista, est\u00e3o o fato de 24 dos jogadores serem estreantes como indicados. 14 clubes est\u00e3o representados e 21 nacionalidades. Cristiano Ronaldo chega \u00e0 sua 16\u00aa indica\u00e7\u00e3o consecutiva -com 13 inclus\u00f5es na sele\u00e7\u00e3o final. Metade dos nomes disputaram o Campeonato Ingl\u00eas. E a m\u00e9dia de idade \u00e9 de 27,1 anos.<\/p>\n\n\n\n<p><strong>CONFIRA OS INDICADOS<\/strong><\/p>\n\n\n\n<p><strong>GOLEIROS<\/strong><\/p>\n\n\n\n<p>Alisson (Brasil, Liverpool)<br>Ederson (Brasil, M. City)<br>Oblak (Eslov\u00eania, Atl\u00e9tico de Madri)<br>Onana (Camar\u00f5es, Ajax)<br>Ter Stegen (Alemanha, Barcelona)<\/p>\n\n\n\n<p><strong>DEFENSORES<\/strong><\/p>\n\n\n\n<p>Alezanxer Arnold (Inglaterra, Liverpool)<br>Azpilicueta (Espanha, Chelsea)<br>Blind (Holanda, Ajax)<br>De Ligt (Holanda, Juventus)<br>Gim\u00e9nez (Uruguai, Atl\u00e9tico de Madri)<br>Jordi Alba (Espa\u00f1a, Barcelona)<br>Kimmich (Alemanha, Bayern)<br>Koulibaly (Senegal, N\u00e1poles)<br>Laporte (Fran\u00e7a, M. City)<br>Piqu\u00e9 (Espanha, Barcelona)<br>Ramos (Espanha, Real Madrid)<br>Robertson (Esc\u00f3cia, Liverpool)<br>Tagliafico (Argentina, Ajax)<br>Van Dijk (Holanda, Liverpool)<br>Vertonghen (B\u00e9lgica, Tottenham)<\/p>\n\n\n\n<p><strong>MEIO-CAMPISTAS<\/strong><\/p>\n\n\n\n<p>Bernardo Silva (Portugal, M. City)<br>Bruno Fernandes (Portugal, Sporting)<br>Silva (Espanha, City)<br>De Bruyne (B\u00e9lgica, M. City)<br>Di Mar\u00eda (Argentina, PSG)<br>Fabi\u00e1n (Espanha, N\u00e1poles)<br>Fabinho (Brasil, Liverpool)<br>De Jong (Holanda, Barcelona)<br>Henderson (Inglaterra, Liverpool)<br>Jorginho (It\u00e1lia, Chelsea)<br>Kant\u00e9 (Fran\u00e7a, Chelsea)<br>Thiago (Espanha, Bayern)<br>Van de Beek (Holanda, Ajax)<br>Wijnaldum (Holanda, Liverpool)<br>Ziyech (Marrocos, Ajax)<\/p>\n\n\n\n<p><strong>ATACANTES<\/strong><\/p>\n\n\n\n<p>Ag\u00fcero (Argentina, City)<br>Aubameyang (Gab\u00e3o, Arsenal)<br>Firmino (Brasil, Liverpool)<br>Gnabry (Alemanha, Bayern)<br>Hazard (B\u00e9lgica, Real Madrid)<br>Kane (Inglaterra, Tottenham)<br>Lewandowski (Pol\u00f4nia, Bayern)<br>Man\u00e9 (Senegal, Liverpool)<br>Mbapp\u00e9 (Fran\u00e7a, PSG)<br>Messi (Argentina, Barcelona)<br>Cristiano (Portugal, Juventus)<br>Salah (Egito, Liverpool)<br>Son (Coreia do Sul, Tottenham)<br>Sterling (Inglaterra, City)<br>Tadic (S\u00e9rvia, Ajax)<\/p>\n","protected":false},"excerpt":{"rendered":"<p>A Uefa divulgou nesta ter\u00e7a (26) quem s\u00e3o os 50 candidatos para formar a sele\u00e7\u00e3o do ano, com um time eleito pelo p\u00fablico para definir&hellip; <\/p>\n","protected":false},"author":1,"featured_media":137988,"comment_status":"closed","ping_status":"closed","sticky":false,"template":"","format":"standard","meta":{"sfsi_plus_gutenberg_text_before_share":"","sfsi_plus_gutenberg_show_text_before_share":"","sfsi_plus_gutenberg_icon_type":"","sfsi_plus_gutenberg_icon_alignemt":"","sfsi_plus_gutenburg_max_per_row":"","footnotes":""},"categories":[13],"tags":[],"class_list":["post-137987","post","type-post","status-publish","format-standard","has-post-thumbnail","hentry","category-esportes"],"_links":{"self":[{"href":"https:\/\/www.caririemacao.com\/1\/wp-json\/wp\/v2\/posts\/137987","targetHints":{"allow":["GET"]}}],"collection":[{"href":"https:\/\/www.caririemacao.com\/1\/wp-json\/wp\/v2\/posts"}],"about":[{"href":"https:\/\/www.caririemacao.com\/1\/wp-json\/wp\/v2\/types\/post"}],"author":[{"embeddable":true,"href":"https:\/\/www.caririemacao.com\/1\/wp-json\/wp\/v2\/users\/1"}],"replies":[{"embeddable":true,"href":"https:\/\/www.caririemacao.com\/1\/wp-json\/wp\/v2\/comments?post=137987"}],"version-history":[{"count":1,"href":"https:\/\/www.caririemacao.com\/1\/wp-json\/wp\/v2\/posts\/137987\/revisions"}],"predecessor-version":[{"id":137989,"href":"https:\/\/www.caririemacao.com\/1\/wp-json\/wp\/v2\/posts\/137987\/revisions\/137989"}],"wp:featuredmedia":[{"embeddable":true,"href":"https:\/\/www.caririemacao.com\/1\/wp-json\/wp\/v2\/media\/137988"}],"wp:attachment":[{"href":"https:\/\/www.caririemacao.com\/1\/wp-json\/wp\/v2\/media?parent=137987"}],"wp:term":[{"taxonomy":"category","embeddable":true,"href":"https:\/\/www.caririemacao.com\/1\/wp-json\/wp\/v2\/categories?post=137987"},{"taxonomy":"post_tag","embeddable":true,"href":"https:\/\/www.caririemacao.com\/1\/wp-json\/wp\/v2\/tags?post=137987"}],"curies":[{"name":"wp","href":"https:\/\/api.w.org\/{rel}","templated":true}]}}