{"id":137998,"date":"2019-11-26T13:34:21","date_gmt":"2019-11-26T16:34:21","guid":{"rendered":"http:\/\/www.caririemacao.com\/1\/?p=137998"},"modified":"2019-11-26T13:34:21","modified_gmt":"2019-11-26T16:34:21","slug":"record-decide-exibir-programas-finais-de-canta-comigo-com-gugu-e-prepara-homenagem-especial","status":"publish","type":"post","link":"https:\/\/www.caririemacao.com\/1\/2019\/11\/26\/record-decide-exibir-programas-finais-de-canta-comigo-com-gugu-e-prepara-homenagem-especial\/","title":{"rendered":"Record decide exibir programas finais de Canta Comigo com Gugu e prepara homenagem especial"},"content":{"rendered":"\n<p>&nbsp;A Record bateu o martelo e vai exibir os dois programas j\u00e1 gravados por Gugu em sua programa\u00e7\u00e3o. S\u00e3o eles a semifinal e a final do reality musical Canta Comigo. O primeiro ser\u00e1 veiculado nesta quarta-feira (27), e o segundo, o derradeiro que vai mostrar o campe\u00e3o da competi\u00e7\u00e3o, na outra quarta (4).<\/p>\n\n\n\n<p>At\u00e9 ent\u00e3o, a emissora estava em d\u00favida sobre colocar ou n\u00e3o no ar por conta da morte do apresentador, que aconteceu depois de ele cair em sua casa, em Orlando (EUA).<\/p>\n\n\n\n<p>A emissora tamb\u00e9m prepara uma homenagem. Os detalhes, por\u00e9m, seguem sendo um segredo, mas um material sobre o apresentador em formato de tributo est\u00e1 sendo produzido para ir ao ar, possivelmente na final\u00edssima.<\/p>\n\n\n\n<p>MORTE DE GUGU<\/p>\n\n\n\n<p>Gugu Liberato, 60, teve a morte anunciada nesta sexta-feira (22). Ele morreu em um hospital em Orlando, no estado americano da Fl\u00f3rida, onde estava internado desde quarta (20). O apresentador, que morava em um condom\u00ednio nos arredores da cidade, caiu de uma altura de quatro metros, quando fazia um reparo no ar-condicionado instalado no s\u00f3t\u00e3o.<\/p>\n\n\n\n<p>Gugu foi encaminhado a um hospital Orlando Health Medical Center. Devido \u00e0 gravidade de seu estado, n\u00e3o foi indicado qualquer procedimento cir\u00fargico. Durante o per\u00edodo de observa\u00e7\u00e3o, foi constatada a aus\u00eancia de atividade cerebral, segundo a nota de falecimento, que n\u00e3o especifica a data exata da morte.<\/p>\n\n\n\n<p>&#8220;Nosso Gugu sempre viveu de maneira simples e alegre, cercado por seus familiares e extremamente dedicado aos filhos. E assim foi at\u00e9 o final da vida, ocorrida ap\u00f3s um acidente caseiro&#8221;, escreveu a fam\u00edlia, em nota. Ainda n\u00e3o h\u00e1 detalhes sobre o traslado do corpo para o Brasil.&nbsp;<\/p>\n\n\n\n<p>Gugu Liberato deixa a mulher, Rose Miriam, e tr\u00eas filhos: Jo\u00e3o Augusto, de 18 anos, e as g\u00eameas Marina e Sofia, de 15.<\/p>\n","protected":false},"excerpt":{"rendered":"<p>&nbsp;A Record bateu o martelo e vai exibir os dois programas j\u00e1 gravados por Gugu em sua programa\u00e7\u00e3o. S\u00e3o eles a semifinal e a final&hellip; <\/p>\n","protected":false},"author":1,"featured_media":138000,"comment_status":"closed","ping_status":"closed","sticky":false,"template":"","format":"standard","meta":{"sfsi_plus_gutenberg_text_before_share":"","sfsi_plus_gutenberg_show_text_before_share":"","sfsi_plus_gutenberg_icon_type":"","sfsi_plus_gutenberg_icon_alignemt":"","sfsi_plus_gutenburg_max_per_row":"","footnotes":""},"categories":[2],"tags":[],"class_list":["post-137998","post","type-post","status-publish","format-standard","has-post-thumbnail","hentry","category-geral"],"_links":{"self":[{"href":"https:\/\/www.caririemacao.com\/1\/wp-json\/wp\/v2\/posts\/137998","targetHints":{"allow":["GET"]}}],"collection":[{"href":"https:\/\/www.caririemacao.com\/1\/wp-json\/wp\/v2\/posts"}],"about":[{"href":"https:\/\/www.caririemacao.com\/1\/wp-json\/wp\/v2\/types\/post"}],"author":[{"embeddable":true,"href":"https:\/\/www.caririemacao.com\/1\/wp-json\/wp\/v2\/users\/1"}],"replies":[{"embeddable":true,"href":"https:\/\/www.caririemacao.com\/1\/wp-json\/wp\/v2\/comments?post=137998"}],"version-history":[{"count":1,"href":"https:\/\/www.caririemacao.com\/1\/wp-json\/wp\/v2\/posts\/137998\/revisions"}],"predecessor-version":[{"id":138001,"href":"https:\/\/www.caririemacao.com\/1\/wp-json\/wp\/v2\/posts\/137998\/revisions\/138001"}],"wp:featuredmedia":[{"embeddable":true,"href":"https:\/\/www.caririemacao.com\/1\/wp-json\/wp\/v2\/media\/138000"}],"wp:attachment":[{"href":"https:\/\/www.caririemacao.com\/1\/wp-json\/wp\/v2\/media?parent=137998"}],"wp:term":[{"taxonomy":"category","embeddable":true,"href":"https:\/\/www.caririemacao.com\/1\/wp-json\/wp\/v2\/categories?post=137998"},{"taxonomy":"post_tag","embeddable":true,"href":"https:\/\/www.caririemacao.com\/1\/wp-json\/wp\/v2\/tags?post=137998"}],"curies":[{"name":"wp","href":"https:\/\/api.w.org\/{rel}","templated":true}]}}