{"id":138011,"date":"2019-11-26T13:47:32","date_gmt":"2019-11-26T16:47:32","guid":{"rendered":"http:\/\/www.caririemacao.com\/1\/?p=138011"},"modified":"2019-11-26T13:47:32","modified_gmt":"2019-11-26T16:47:32","slug":"inep-divulga-gabaritos-preliminares-do-enade","status":"publish","type":"post","link":"https:\/\/www.caririemacao.com\/1\/2019\/11\/26\/inep-divulga-gabaritos-preliminares-do-enade\/","title":{"rendered":"Inep divulga gabaritos preliminares do Enade"},"content":{"rendered":"\n<p>O Instituto Nacional de Estudos e Pesquisas Educacionais An\u00edsio Teixeira (Inep)&nbsp;<a href=\"http:\/\/portal.inep.gov.br\/web\/guest\/educacao-superior\/enade\/provas-e-gabaritos\" target=\"_blank\" rel=\"noreferrer noopener\">divulgou, hoje (26), na internet, os gabaritos preliminares<\/a>&nbsp;das quest\u00f5es objetivas do Exame Nacional de Desempenho dos Estudantes (Enade). Tamb\u00e9m foram divulgados os 29 cadernos de provas das gradua\u00e7\u00f5es avaliadas na edi\u00e7\u00e3o deste ano.<\/p>\n\n\n\n<p>O Enade foi aplicado no domingo (24) a estudantes concluintes de cursos de gradua\u00e7\u00e3o. Ao todo, participaram 390.365 estudantes, que fizeram as provas em 1.063 munic\u00edpios de todo o pa\u00eds. A divulga\u00e7\u00e3o do gabarito estava prevista para amanh\u00e3 (27), de acordo com o Inep, mas foi antecipada.<\/p>\n\n\n\n<p>Nesta edi\u00e7\u00e3o, o exame avaliou os cursos de ci\u00eancias agr\u00e1rias, ci\u00eancias da sa\u00fade e \u00e1reas afins; engenharias e arquitetura e urbanismo; e os cursos superiores de tecnologia nas \u00e1reas de ambiente e sa\u00fade, produ\u00e7\u00e3o aliment\u00edcia, recursos naturais, militar e de seguran\u00e7a.<\/p>\n\n\n\n<p>Os estudantes responderam a dez quest\u00f5es de forma\u00e7\u00e3o geral, comuns aos cursos de todas as \u00e1reas, sendo duas discursivas e oito de m\u00faltipla escolha; e a 30 quest\u00f5es referentes a componentes espec\u00edficos de cada \u00e1rea, sendo tr\u00eas discursivas e 27 de m\u00faltipla escolha.<\/p>\n\n\n\n<p>O gabarito preliminar divulgado \u00e9 apenas das quest\u00f5es objetivas da avalia\u00e7\u00e3o. O padr\u00e3o de resposta para as quest\u00f5es discursivas e os gabaritos definitivos ser\u00e3o divulgados no in\u00edcio de 2020.<\/p>\n\n\n\n<p>As manifesta\u00e7\u00f5es contr\u00e1rias aos gabaritos publicados podem ser encaminhadas ao endere\u00e7o eletr\u00f4nico&nbsp;<a href=\"http:\/\/inep.gov.br\/web\/guest\/inicio\" target=\"_blank\" rel=\"noreferrer noopener\">bnienade@inep.gov.br<\/a>&nbsp;at\u00e9 25 de janeiro de 2020.<\/p>\n","protected":false},"excerpt":{"rendered":"<p>O Instituto Nacional de Estudos e Pesquisas Educacionais An\u00edsio Teixeira (Inep)&nbsp;divulgou, hoje (26), na internet, os gabaritos preliminares&nbsp;das quest\u00f5es objetivas do Exame Nacional de Desempenho&hellip; <\/p>\n","protected":false},"author":1,"featured_media":138013,"comment_status":"closed","ping_status":"closed","sticky":false,"template":"","format":"standard","meta":{"sfsi_plus_gutenberg_text_before_share":"","sfsi_plus_gutenberg_show_text_before_share":"","sfsi_plus_gutenberg_icon_type":"","sfsi_plus_gutenberg_icon_alignemt":"","sfsi_plus_gutenburg_max_per_row":"","footnotes":""},"categories":[14],"tags":[],"class_list":["post-138011","post","type-post","status-publish","format-standard","has-post-thumbnail","hentry","category-educacao"],"_links":{"self":[{"href":"https:\/\/www.caririemacao.com\/1\/wp-json\/wp\/v2\/posts\/138011","targetHints":{"allow":["GET"]}}],"collection":[{"href":"https:\/\/www.caririemacao.com\/1\/wp-json\/wp\/v2\/posts"}],"about":[{"href":"https:\/\/www.caririemacao.com\/1\/wp-json\/wp\/v2\/types\/post"}],"author":[{"embeddable":true,"href":"https:\/\/www.caririemacao.com\/1\/wp-json\/wp\/v2\/users\/1"}],"replies":[{"embeddable":true,"href":"https:\/\/www.caririemacao.com\/1\/wp-json\/wp\/v2\/comments?post=138011"}],"version-history":[{"count":1,"href":"https:\/\/www.caririemacao.com\/1\/wp-json\/wp\/v2\/posts\/138011\/revisions"}],"predecessor-version":[{"id":138014,"href":"https:\/\/www.caririemacao.com\/1\/wp-json\/wp\/v2\/posts\/138011\/revisions\/138014"}],"wp:featuredmedia":[{"embeddable":true,"href":"https:\/\/www.caririemacao.com\/1\/wp-json\/wp\/v2\/media\/138013"}],"wp:attachment":[{"href":"https:\/\/www.caririemacao.com\/1\/wp-json\/wp\/v2\/media?parent=138011"}],"wp:term":[{"taxonomy":"category","embeddable":true,"href":"https:\/\/www.caririemacao.com\/1\/wp-json\/wp\/v2\/categories?post=138011"},{"taxonomy":"post_tag","embeddable":true,"href":"https:\/\/www.caririemacao.com\/1\/wp-json\/wp\/v2\/tags?post=138011"}],"curies":[{"name":"wp","href":"https:\/\/api.w.org\/{rel}","templated":true}]}}