{"id":138018,"date":"2019-11-26T13:49:45","date_gmt":"2019-11-26T16:49:45","guid":{"rendered":"http:\/\/www.caririemacao.com\/1\/?p=138018"},"modified":"2019-11-26T13:49:45","modified_gmt":"2019-11-26T16:49:45","slug":"inadimplencia-de-alunos-e-de-59-no-1o-semestre-revela-pesquisa","status":"publish","type":"post","link":"https:\/\/www.caririemacao.com\/1\/2019\/11\/26\/inadimplencia-de-alunos-e-de-59-no-1o-semestre-revela-pesquisa\/","title":{"rendered":"Inadimpl\u00eancia de alunos \u00e9 de 5,9% no 1\u00ba semestre, revela pesquisa"},"content":{"rendered":"\n<p>A inadimpl\u00eancia de alunos em institui\u00e7\u00f5es de ensino particular em todo o pa\u00eds aumentou no primeiro semestre de 2019. Comparada com a quantidade de negativa\u00e7\u00f5es do ano passado, depois de dois anos consecutivos de queda no \u00edndice, a falta de pagamento das mensalidades de alunos dos ensinos infantil, fundamental e m\u00e9dio cresceu 5,9% nos primeiros seis meses do ano, enquanto no ensino superior o incremento foi de 4,9% durante o mesmo per\u00edodo.<\/p>\n\n\n\n<p>\u00c9 o que revela pesquisa da empresa Serasa Experian. No acumulado entre janeiro de 2014 e junho de 2019, o total de negativa\u00e7\u00f5es nos tr\u00eas n\u00edveis escolares \u00e9 20,8% maior de quando o indicador foi iniciado. Universit\u00e1rios t\u00eam maior porcentagem de d\u00edvidas n\u00e3o pagas: 47,2%.<\/p>\n\n\n\n<p>Segundo o economista da Serasa Luiz Rabi, a queda dos \u00faltimos dois anos pode ser explicada porque o pa\u00eds come\u00e7ou a sair da recess\u00e3o, mas o aumento durante o primeiro semestre tem rela\u00e7\u00e3o direta com infla\u00e7\u00e3o dos quatro meses de 2019.<\/p>\n\n\n\n<p>\u201cEsse fator fez com que os \u00edndices de inadimpl\u00eancia aumentassem, batendo recordes durante todo o primeiro semestre. O aumento afeta todos os segmentos, e n\u00e3o seria diferente com as escolas particulares\u201d, afirmou.<\/p>\n","protected":false},"excerpt":{"rendered":"<p>A inadimpl\u00eancia de alunos em institui\u00e7\u00f5es de ensino particular em todo o pa\u00eds aumentou no primeiro semestre de 2019. Comparada com a quantidade de negativa\u00e7\u00f5es&hellip; <\/p>\n","protected":false},"author":1,"featured_media":138019,"comment_status":"closed","ping_status":"closed","sticky":false,"template":"","format":"standard","meta":{"sfsi_plus_gutenberg_text_before_share":"","sfsi_plus_gutenberg_show_text_before_share":"","sfsi_plus_gutenberg_icon_type":"","sfsi_plus_gutenberg_icon_alignemt":"","sfsi_plus_gutenburg_max_per_row":"","footnotes":""},"categories":[2],"tags":[],"class_list":["post-138018","post","type-post","status-publish","format-standard","has-post-thumbnail","hentry","category-geral"],"_links":{"self":[{"href":"https:\/\/www.caririemacao.com\/1\/wp-json\/wp\/v2\/posts\/138018","targetHints":{"allow":["GET"]}}],"collection":[{"href":"https:\/\/www.caririemacao.com\/1\/wp-json\/wp\/v2\/posts"}],"about":[{"href":"https:\/\/www.caririemacao.com\/1\/wp-json\/wp\/v2\/types\/post"}],"author":[{"embeddable":true,"href":"https:\/\/www.caririemacao.com\/1\/wp-json\/wp\/v2\/users\/1"}],"replies":[{"embeddable":true,"href":"https:\/\/www.caririemacao.com\/1\/wp-json\/wp\/v2\/comments?post=138018"}],"version-history":[{"count":1,"href":"https:\/\/www.caririemacao.com\/1\/wp-json\/wp\/v2\/posts\/138018\/revisions"}],"predecessor-version":[{"id":138020,"href":"https:\/\/www.caririemacao.com\/1\/wp-json\/wp\/v2\/posts\/138018\/revisions\/138020"}],"wp:featuredmedia":[{"embeddable":true,"href":"https:\/\/www.caririemacao.com\/1\/wp-json\/wp\/v2\/media\/138019"}],"wp:attachment":[{"href":"https:\/\/www.caririemacao.com\/1\/wp-json\/wp\/v2\/media?parent=138018"}],"wp:term":[{"taxonomy":"category","embeddable":true,"href":"https:\/\/www.caririemacao.com\/1\/wp-json\/wp\/v2\/categories?post=138018"},{"taxonomy":"post_tag","embeddable":true,"href":"https:\/\/www.caririemacao.com\/1\/wp-json\/wp\/v2\/tags?post=138018"}],"curies":[{"name":"wp","href":"https:\/\/api.w.org\/{rel}","templated":true}]}}