{"id":138023,"date":"2019-11-26T15:05:39","date_gmt":"2019-11-26T18:05:39","guid":{"rendered":"http:\/\/www.caririemacao.com\/1\/?p=138023"},"modified":"2019-11-26T15:05:39","modified_gmt":"2019-11-26T18:05:39","slug":"bolsonaro-autoriza-inspecao-de-cartas-enviadas-a-presos-para-investigacoes-criminais","status":"publish","type":"post","link":"https:\/\/www.caririemacao.com\/1\/2019\/11\/26\/bolsonaro-autoriza-inspecao-de-cartas-enviadas-a-presos-para-investigacoes-criminais\/","title":{"rendered":"Bolsonaro autoriza inspe\u00e7\u00e3o de cartas enviadas a presos para investiga\u00e7\u00f5es criminais"},"content":{"rendered":"\n<p>O presidente Jair Bolsonaro assinou a&nbsp;mudan\u00e7a na Lei de Execu\u00e7\u00e3o Penal que foi sancionada e&nbsp;publicada nesta ter\u00e7a (26) no &#8220;Di\u00e1rio Oficial da Uni\u00e3o&#8221;. A partir de hoje as correspond\u00eancias de presos passam a poder ser interceptadas para investiga\u00e7\u00f5es criminais ou instru\u00e7\u00e3o processual. A nova regra vale para presos condenados ou provis\u00f3rios.&nbsp;O ministro da Justi\u00e7a e Seguran\u00e7a P\u00fablica, Sergio Moro, tamb\u00e9m assina a publica\u00e7\u00e3o.<br><\/p>\n\n\n\n<p>A altera\u00e7\u00e3o foi feita por meio de um projeto de lei aprovado em setembro na Comiss\u00e3o de Constitui\u00e7\u00e3o e Justi\u00e7a (CCJ) da C\u00e2mara dos Deputados. O texto tramitou em car\u00e1ter conclusivo e por isso seguiu direto para a san\u00e7\u00e3o.<br><\/p>\n\n\n\n<p>O projeto incluiu dois par\u00e1grafos no artigo 41, que trata dos direitos dos presos. O que dizem os novos trechos da legisla\u00e7\u00e3o:&nbsp;a correspond\u00eancia de presos condenados ou provis\u00f3rios, a ser remetida ou recebida, poder\u00e1 ser interceptada e analisada para fins de investiga\u00e7\u00e3o criminal ou de instru\u00e7\u00e3o processual penal, e seu conte\u00fado ser\u00e1 mantido sob sigilo, sob pena de responsabiliza\u00e7\u00e3o penal; a intercepta\u00e7\u00e3o e an\u00e1lise da correspond\u00eancia dever\u00e1 ser fundada nos requisitos previstos pelo art. 2\u00ba da Lei n\u00ba 9.296, de 24 de julho de 1996, e comunicada imediatamente ao \u00f3rg\u00e3o competente do Poder Judici\u00e1rio, com as respectivas justificativas.<\/p>\n","protected":false},"excerpt":{"rendered":"<p>O presidente Jair Bolsonaro assinou a&nbsp;mudan\u00e7a na Lei de Execu\u00e7\u00e3o Penal que foi sancionada e&nbsp;publicada nesta ter\u00e7a (26) no &#8220;Di\u00e1rio Oficial da Uni\u00e3o&#8221;. A partir&hellip; <\/p>\n","protected":false},"author":1,"featured_media":138024,"comment_status":"closed","ping_status":"closed","sticky":false,"template":"","format":"standard","meta":{"sfsi_plus_gutenberg_text_before_share":"","sfsi_plus_gutenberg_show_text_before_share":"","sfsi_plus_gutenberg_icon_type":"","sfsi_plus_gutenberg_icon_alignemt":"","sfsi_plus_gutenburg_max_per_row":"","footnotes":""},"categories":[11],"tags":[],"class_list":["post-138023","post","type-post","status-publish","format-standard","has-post-thumbnail","hentry","category-politica"],"_links":{"self":[{"href":"https:\/\/www.caririemacao.com\/1\/wp-json\/wp\/v2\/posts\/138023","targetHints":{"allow":["GET"]}}],"collection":[{"href":"https:\/\/www.caririemacao.com\/1\/wp-json\/wp\/v2\/posts"}],"about":[{"href":"https:\/\/www.caririemacao.com\/1\/wp-json\/wp\/v2\/types\/post"}],"author":[{"embeddable":true,"href":"https:\/\/www.caririemacao.com\/1\/wp-json\/wp\/v2\/users\/1"}],"replies":[{"embeddable":true,"href":"https:\/\/www.caririemacao.com\/1\/wp-json\/wp\/v2\/comments?post=138023"}],"version-history":[{"count":1,"href":"https:\/\/www.caririemacao.com\/1\/wp-json\/wp\/v2\/posts\/138023\/revisions"}],"predecessor-version":[{"id":138025,"href":"https:\/\/www.caririemacao.com\/1\/wp-json\/wp\/v2\/posts\/138023\/revisions\/138025"}],"wp:featuredmedia":[{"embeddable":true,"href":"https:\/\/www.caririemacao.com\/1\/wp-json\/wp\/v2\/media\/138024"}],"wp:attachment":[{"href":"https:\/\/www.caririemacao.com\/1\/wp-json\/wp\/v2\/media?parent=138023"}],"wp:term":[{"taxonomy":"category","embeddable":true,"href":"https:\/\/www.caririemacao.com\/1\/wp-json\/wp\/v2\/categories?post=138023"},{"taxonomy":"post_tag","embeddable":true,"href":"https:\/\/www.caririemacao.com\/1\/wp-json\/wp\/v2\/tags?post=138023"}],"curies":[{"name":"wp","href":"https:\/\/api.w.org\/{rel}","templated":true}]}}