{"id":138049,"date":"2019-11-26T15:19:33","date_gmt":"2019-11-26T18:19:33","guid":{"rendered":"http:\/\/www.caririemacao.com\/1\/?p=138049"},"modified":"2019-11-26T15:19:33","modified_gmt":"2019-11-26T18:19:33","slug":"parari-recebe-representantes-de-dezenas-de-cidades-para-lutarem-conta-pec-que-extingue-municipios","status":"publish","type":"post","link":"https:\/\/www.caririemacao.com\/1\/2019\/11\/26\/parari-recebe-representantes-de-dezenas-de-cidades-para-lutarem-conta-pec-que-extingue-municipios\/","title":{"rendered":"Parari recebe representantes de dezenas de cidades para lutarem conta PEC que extingue munic\u00edpios"},"content":{"rendered":"\n<p>A PEC apresentada pelo governo federal no \u00faltimo dia 4, que extingue todos os munic\u00edpios com menos de cinco mil habitantes, com arrecada\u00e7\u00e3o pr\u00f3pria inferior a 10% total da receita, causou revolta a popula\u00e7\u00e3o caririzeira e que se aprovada, acabaria com a emancipa\u00e7\u00e3o de dezoito munic\u00edpios da regi\u00e3o.<\/p>\n\n\n\n<p>Diante disso, autoridades de todas essas cidades resolveram criar um movimento chamado \u2018O encontro das bandeiras\u2019 que acontecer\u00e1 pr\u00f3xima sexta-feira, 29, na cidade de Parari, no gin\u00e1sio esportivo Josinaldo Pedro de Souza.<\/p>\n\n\n\n<p>A comiss\u00e3o organizadora do evento \u00e9 formada por sete vereadores: Francisco Junior (S\u00e3o Jo\u00e3o do Cariri); Marcelo Farias (Gurj\u00e3o); Alexandre Neves (Coxixola); Ant\u00f4nio Pereira (S\u00e3o Domingos do Cariri); Niedson (S\u00e3o Jos\u00e9 dos Cordeiros); Junior Calu\u00eate (Parari) e Erivonaldo Lopes (Ouro Velho).<\/p>\n\n\n\n<p>Nossa equipe entrou em contato com o vereador de S\u00e3o Jo\u00e3o do Cariri, Francisco Junior, e ele nos informou que o intuito \u00e9 reunir o maior n\u00famero de pessoas, n\u00e3o s\u00f3 pol\u00edticos, mas tamb\u00e9m toda sociedade civil para um grande abaixo-assinado contra a PEC 188\/2019. O manifesto ser\u00e1 mostrado a deputados federais e senadores para que votem contra. Al\u00e9m de vereadores e prefeitos estar\u00e3o presentes tamb\u00e9m sindicalistas e outras autoridades como deputado estadual In\u00e1cio Falc\u00e3o, al\u00e9m de outros parlamentares paraibanos que est\u00e3o a confirmar presen\u00e7a ou enviar repesentantes.<\/p>\n\n\n\n<p>At\u00e9 o momento est\u00e3o confirmados 23 munic\u00edpios que ir\u00e3o participar e a comiss\u00e3o aceita confirma\u00e7\u00e3o de mais cidades, at\u00e9 a quinta-feira dia 28.<\/p>\n\n\n\n<p>\u201cO encontro das bandeiras leva esse nome, pois o representante de cada munic\u00edpio levar\u00e1 \u00e0 Parari sua bandeira e ser\u00e1 um momento marcado como a uni\u00e3o de todos por uma s\u00f3 causa\u201d, destacou Francisco Junior.<\/p>\n","protected":false},"excerpt":{"rendered":"<p>A PEC apresentada pelo governo federal no \u00faltimo dia 4, que extingue todos os munic\u00edpios com menos de cinco mil habitantes, com arrecada\u00e7\u00e3o pr\u00f3pria inferior&hellip; <\/p>\n","protected":false},"author":1,"featured_media":138050,"comment_status":"closed","ping_status":"closed","sticky":false,"template":"","format":"standard","meta":{"sfsi_plus_gutenberg_text_before_share":"","sfsi_plus_gutenberg_show_text_before_share":"","sfsi_plus_gutenberg_icon_type":"","sfsi_plus_gutenberg_icon_alignemt":"","sfsi_plus_gutenburg_max_per_row":"","footnotes":""},"categories":[2],"tags":[],"class_list":["post-138049","post","type-post","status-publish","format-standard","has-post-thumbnail","hentry","category-geral"],"_links":{"self":[{"href":"https:\/\/www.caririemacao.com\/1\/wp-json\/wp\/v2\/posts\/138049","targetHints":{"allow":["GET"]}}],"collection":[{"href":"https:\/\/www.caririemacao.com\/1\/wp-json\/wp\/v2\/posts"}],"about":[{"href":"https:\/\/www.caririemacao.com\/1\/wp-json\/wp\/v2\/types\/post"}],"author":[{"embeddable":true,"href":"https:\/\/www.caririemacao.com\/1\/wp-json\/wp\/v2\/users\/1"}],"replies":[{"embeddable":true,"href":"https:\/\/www.caririemacao.com\/1\/wp-json\/wp\/v2\/comments?post=138049"}],"version-history":[{"count":1,"href":"https:\/\/www.caririemacao.com\/1\/wp-json\/wp\/v2\/posts\/138049\/revisions"}],"predecessor-version":[{"id":138051,"href":"https:\/\/www.caririemacao.com\/1\/wp-json\/wp\/v2\/posts\/138049\/revisions\/138051"}],"wp:featuredmedia":[{"embeddable":true,"href":"https:\/\/www.caririemacao.com\/1\/wp-json\/wp\/v2\/media\/138050"}],"wp:attachment":[{"href":"https:\/\/www.caririemacao.com\/1\/wp-json\/wp\/v2\/media?parent=138049"}],"wp:term":[{"taxonomy":"category","embeddable":true,"href":"https:\/\/www.caririemacao.com\/1\/wp-json\/wp\/v2\/categories?post=138049"},{"taxonomy":"post_tag","embeddable":true,"href":"https:\/\/www.caririemacao.com\/1\/wp-json\/wp\/v2\/tags?post=138049"}],"curies":[{"name":"wp","href":"https:\/\/api.w.org\/{rel}","templated":true}]}}