{"id":138062,"date":"2019-11-27T05:21:19","date_gmt":"2019-11-27T08:21:19","guid":{"rendered":"http:\/\/www.caririemacao.com\/1\/?p=138062"},"modified":"2019-11-26T23:40:50","modified_gmt":"2019-11-27T02:40:50","slug":"jovem-tem-moto-furtada-no-centro-de-monteiro","status":"publish","type":"post","link":"https:\/\/www.caririemacao.com\/1\/2019\/11\/27\/jovem-tem-moto-furtada-no-centro-de-monteiro\/","title":{"rendered":"Jovem tem moto furtada no centro de Monteiro"},"content":{"rendered":"\n<p>Mais uma motocicleta \u00e9 furtada na manh\u00e3 do \u00faltimo s\u00e1bado (23), em Monteiro no Cariri Paraibano.<br>De acordo com informa\u00e7\u00f5es do propriet\u00e1rio ele estacionou o ve\u00edculo na Rua&nbsp;Get\u00falio Vargas de frente a R\u00e1dio Santa Maria por volta das 08:00 horas da manh\u00e3, na volta a moto j\u00e1 n\u00e3o estava no local.<br>Motocicleta modelo CG fan 125 ano 2008 de cor cinza de placa MOT-9705. <\/p>\n\n\n\n<p>Hora1pb<\/p>\n","protected":false},"excerpt":{"rendered":"<p>Mais uma motocicleta \u00e9 furtada na manh\u00e3 do \u00faltimo s\u00e1bado (23), em Monteiro no Cariri Paraibano.De acordo com informa\u00e7\u00f5es do propriet\u00e1rio ele estacionou o ve\u00edculo&hellip; <\/p>\n","protected":false},"author":1,"featured_media":36838,"comment_status":"closed","ping_status":"closed","sticky":false,"template":"","format":"standard","meta":{"sfsi_plus_gutenberg_text_before_share":"","sfsi_plus_gutenberg_show_text_before_share":"","sfsi_plus_gutenberg_icon_type":"","sfsi_plus_gutenberg_icon_alignemt":"","sfsi_plus_gutenburg_max_per_row":"","footnotes":""},"categories":[12],"tags":[],"class_list":["post-138062","post","type-post","status-publish","format-standard","has-post-thumbnail","hentry","category-policia"],"_links":{"self":[{"href":"https:\/\/www.caririemacao.com\/1\/wp-json\/wp\/v2\/posts\/138062","targetHints":{"allow":["GET"]}}],"collection":[{"href":"https:\/\/www.caririemacao.com\/1\/wp-json\/wp\/v2\/posts"}],"about":[{"href":"https:\/\/www.caririemacao.com\/1\/wp-json\/wp\/v2\/types\/post"}],"author":[{"embeddable":true,"href":"https:\/\/www.caririemacao.com\/1\/wp-json\/wp\/v2\/users\/1"}],"replies":[{"embeddable":true,"href":"https:\/\/www.caririemacao.com\/1\/wp-json\/wp\/v2\/comments?post=138062"}],"version-history":[{"count":2,"href":"https:\/\/www.caririemacao.com\/1\/wp-json\/wp\/v2\/posts\/138062\/revisions"}],"predecessor-version":[{"id":138065,"href":"https:\/\/www.caririemacao.com\/1\/wp-json\/wp\/v2\/posts\/138062\/revisions\/138065"}],"wp:featuredmedia":[{"embeddable":true,"href":"https:\/\/www.caririemacao.com\/1\/wp-json\/wp\/v2\/media\/36838"}],"wp:attachment":[{"href":"https:\/\/www.caririemacao.com\/1\/wp-json\/wp\/v2\/media?parent=138062"}],"wp:term":[{"taxonomy":"category","embeddable":true,"href":"https:\/\/www.caririemacao.com\/1\/wp-json\/wp\/v2\/categories?post=138062"},{"taxonomy":"post_tag","embeddable":true,"href":"https:\/\/www.caririemacao.com\/1\/wp-json\/wp\/v2\/tags?post=138062"}],"curies":[{"name":"wp","href":"https:\/\/api.w.org\/{rel}","templated":true}]}}