{"id":138071,"date":"2019-11-27T06:42:46","date_gmt":"2019-11-27T09:42:46","guid":{"rendered":"http:\/\/www.caririemacao.com\/1\/?p=138071"},"modified":"2019-11-26T23:43:57","modified_gmt":"2019-11-27T02:43:57","slug":"prefeitura-de-monteiro-inicia-pagamento-dos-servidores-nesta-quarta-feira","status":"publish","type":"post","link":"https:\/\/www.caririemacao.com\/1\/2019\/11\/27\/prefeitura-de-monteiro-inicia-pagamento-dos-servidores-nesta-quarta-feira\/","title":{"rendered":"Prefeitura de Monteiro inicia pagamento dos servidores nesta quarta-feira"},"content":{"rendered":"\n<p>A Prefeitura Municipal de Monteiro inicia nesta quarta-feira, 27, o pagamento dos servidores municipais, referente ao m\u00eas de novembro. Inicialmente recebem os servidores aposentados e pensionistas.Na quinta-feira, 28, ser\u00e3o liberados os recursos dos servidores lotados na Secretaria de Educa\u00e7\u00e3o e na sexta-feira, dia 29, podem sacar os vencimentos os demais servidores municipais. No total a folha mensal da Prefeitura de Monteiro gira em torno de R$ 2,2 milh\u00f5es, o que aquece a economia local.A Secretaria de Finan\u00e7as informa aos servidores em geral, que devido a implanta\u00e7\u00e3o do novo sistema da Prefeitura de Monteiro com a institui\u00e7\u00e3o do Banco Bradesco, pode ocorrer do cr\u00e9dito s\u00f3 acontecer ap\u00f3s o meio-dia. <\/p>\n","protected":false},"excerpt":{"rendered":"<p>A Prefeitura Municipal de Monteiro inicia nesta quarta-feira, 27, o pagamento dos servidores municipais, referente ao m\u00eas de novembro. Inicialmente recebem os servidores aposentados e&hellip; <\/p>\n","protected":false},"author":1,"featured_media":106099,"comment_status":"closed","ping_status":"closed","sticky":false,"template":"","format":"standard","meta":{"sfsi_plus_gutenberg_text_before_share":"","sfsi_plus_gutenberg_show_text_before_share":"","sfsi_plus_gutenberg_icon_type":"","sfsi_plus_gutenberg_icon_alignemt":"","sfsi_plus_gutenburg_max_per_row":"","footnotes":""},"categories":[6],"tags":[],"class_list":["post-138071","post","type-post","status-publish","format-standard","has-post-thumbnail","hentry","category-cidades"],"_links":{"self":[{"href":"https:\/\/www.caririemacao.com\/1\/wp-json\/wp\/v2\/posts\/138071","targetHints":{"allow":["GET"]}}],"collection":[{"href":"https:\/\/www.caririemacao.com\/1\/wp-json\/wp\/v2\/posts"}],"about":[{"href":"https:\/\/www.caririemacao.com\/1\/wp-json\/wp\/v2\/types\/post"}],"author":[{"embeddable":true,"href":"https:\/\/www.caririemacao.com\/1\/wp-json\/wp\/v2\/users\/1"}],"replies":[{"embeddable":true,"href":"https:\/\/www.caririemacao.com\/1\/wp-json\/wp\/v2\/comments?post=138071"}],"version-history":[{"count":1,"href":"https:\/\/www.caririemacao.com\/1\/wp-json\/wp\/v2\/posts\/138071\/revisions"}],"predecessor-version":[{"id":138072,"href":"https:\/\/www.caririemacao.com\/1\/wp-json\/wp\/v2\/posts\/138071\/revisions\/138072"}],"wp:featuredmedia":[{"embeddable":true,"href":"https:\/\/www.caririemacao.com\/1\/wp-json\/wp\/v2\/media\/106099"}],"wp:attachment":[{"href":"https:\/\/www.caririemacao.com\/1\/wp-json\/wp\/v2\/media?parent=138071"}],"wp:term":[{"taxonomy":"category","embeddable":true,"href":"https:\/\/www.caririemacao.com\/1\/wp-json\/wp\/v2\/categories?post=138071"},{"taxonomy":"post_tag","embeddable":true,"href":"https:\/\/www.caririemacao.com\/1\/wp-json\/wp\/v2\/tags?post=138071"}],"curies":[{"name":"wp","href":"https:\/\/api.w.org\/{rel}","templated":true}]}}