{"id":138074,"date":"2019-11-27T06:44:06","date_gmt":"2019-11-27T09:44:06","guid":{"rendered":"http:\/\/www.caririemacao.com\/1\/?p=138074"},"modified":"2019-11-26T23:46:18","modified_gmt":"2019-11-27T02:46:18","slug":"servidores-de-sume-participam-de-encontro-sobre-seguranca-dos-trabalhadores-da-saude","status":"publish","type":"post","link":"https:\/\/www.caririemacao.com\/1\/2019\/11\/27\/servidores-de-sume-participam-de-encontro-sobre-seguranca-dos-trabalhadores-da-saude\/","title":{"rendered":"Servidores de Sum\u00e9 participam de encontro sobre seguran\u00e7a dos trabalhadores da sa\u00fade"},"content":{"rendered":"\n<div class=\"wp-block-image\"><figure class=\"alignleft\"><img decoding=\"async\" data-src=\"https:\/\/i3.wp.com\/www.vitrinedocariri.com.br\/wp-content\/uploads\/2019\/11\/IMG-20191126-WA0011-300x146.jpg\" alt=\"\" class=\"wp-image-58458 lazyload\" src=\"data:image\/svg+xml;base64,PHN2ZyB3aWR0aD0iMSIgaGVpZ2h0PSIxIiB4bWxucz0iaHR0cDovL3d3dy53My5vcmcvMjAwMC9zdmciPjwvc3ZnPg==\" style=\"--smush-placeholder-width: 300px; --smush-placeholder-aspect-ratio: 300\/146;\" \/><\/figure><\/div>\n\n\n\n<p><\/p>\n\n\n\n<p><\/p>\n\n\n\n<p>Com o intuito de conscientizar e informar os profissionais da sa\u00fade p\u00fablica municipal sobre medidas de prote\u00e7\u00e3o e seguran\u00e7a dos trabalhadores dos servi\u00e7os de sa\u00fade, a Prefeitura de Sum\u00e9 realizou no dia 25 de novembro, no Audit\u00f3rio da Secretaria de Educa\u00e7\u00e3o, palestra sobre NR-32 e Notifica\u00e7\u00f5es de Acidente de Trabalho.<\/p>\n\n\n\n<p>A Norma Regulamentadora (NR-32) tem por finalidade estabelecer as diretrizes b\u00e1sicas para a implementa\u00e7\u00e3o de medidas de prote\u00e7\u00e3o \u00e0 seguran\u00e7a e \u00e0 sa\u00fade dos trabalhadores dos servi\u00e7os de sa\u00fade, bem como daqueles que exercem atividades de promo\u00e7\u00e3o e assist\u00eancia \u00e0 sa\u00fade em geral.<\/p>\n\n\n\n<p>O evento teve como palestrantes, Rafael Silva, t\u00e9cnico do trabalho que presta consultoria ao munic\u00edpio e Norma Sueli Ayres Guimar\u00e3es, Assistente Social do Cerest \u2013 Centro de Refer\u00eancia de Sa\u00fade do Trabalhador de Campina Grande \u2013 e contou com a participa\u00e7\u00e3o de servidores da Secretaria de Sa\u00fade de Sum\u00e9.<\/p>\n\n\n\n<p>Desde o m\u00eas de abril, o munic\u00edpio de Sum\u00e9 tem implantado o Programa de Seguran\u00e7a do Trabalho, realizando a\u00e7\u00f5es e atividades educativas para trabalhadores, como palestras, entregas de Equipamentos de Prote\u00e7\u00e3o Individual (EPI) e inspe\u00e7\u00e3o nos ambientes.<\/p>\n\n\n\n<div class=\"wp-block-image\"><figure class=\"alignleft\"><img decoding=\"async\" data-src=\"https:\/\/i1.wp.com\/www.vitrinedocariri.com.br\/wp-content\/uploads\/2019\/11\/IMG-20191126-WA0016-300x225.jpg\" alt=\"\" class=\"wp-image-58459 lazyload\" src=\"data:image\/svg+xml;base64,PHN2ZyB3aWR0aD0iMSIgaGVpZ2h0PSIxIiB4bWxucz0iaHR0cDovL3d3dy53My5vcmcvMjAwMC9zdmciPjwvc3ZnPg==\" style=\"--smush-placeholder-width: 300px; --smush-placeholder-aspect-ratio: 300\/225;\" \/><\/figure><\/div>\n\n\n\n<p><\/p>\n\n\n\n<p><\/p>\n\n\n\n<p>Os acidentes de trabalho configuram-se em um grave problema de sa\u00fade p\u00fablica, atingindo, anualmente, milhares de trabalhadores, que perdem suas vidas ou comprometem sua capacidade produtiva em um evento potencialmente pass\u00edvel de preven\u00e7\u00e3o. O acidente biol\u00f3gico \u00e9 um tipo espec\u00edfico de acidente de trabalho, no qual os profissionais de sa\u00fade constituem o grupo de trabalhadores mais expostos.<\/p>\n","protected":false},"excerpt":{"rendered":"<p>Com o intuito de conscientizar e informar os profissionais da sa\u00fade p\u00fablica municipal sobre medidas de prote\u00e7\u00e3o e seguran\u00e7a dos trabalhadores dos servi\u00e7os de sa\u00fade,&hellip; <\/p>\n","protected":false},"author":1,"featured_media":138075,"comment_status":"closed","ping_status":"closed","sticky":false,"template":"","format":"standard","meta":{"sfsi_plus_gutenberg_text_before_share":"","sfsi_plus_gutenberg_show_text_before_share":"","sfsi_plus_gutenberg_icon_type":"","sfsi_plus_gutenberg_icon_alignemt":"","sfsi_plus_gutenburg_max_per_row":"","footnotes":""},"categories":[6],"tags":[],"class_list":["post-138074","post","type-post","status-publish","format-standard","has-post-thumbnail","hentry","category-cidades"],"_links":{"self":[{"href":"https:\/\/www.caririemacao.com\/1\/wp-json\/wp\/v2\/posts\/138074","targetHints":{"allow":["GET"]}}],"collection":[{"href":"https:\/\/www.caririemacao.com\/1\/wp-json\/wp\/v2\/posts"}],"about":[{"href":"https:\/\/www.caririemacao.com\/1\/wp-json\/wp\/v2\/types\/post"}],"author":[{"embeddable":true,"href":"https:\/\/www.caririemacao.com\/1\/wp-json\/wp\/v2\/users\/1"}],"replies":[{"embeddable":true,"href":"https:\/\/www.caririemacao.com\/1\/wp-json\/wp\/v2\/comments?post=138074"}],"version-history":[{"count":1,"href":"https:\/\/www.caririemacao.com\/1\/wp-json\/wp\/v2\/posts\/138074\/revisions"}],"predecessor-version":[{"id":138076,"href":"https:\/\/www.caririemacao.com\/1\/wp-json\/wp\/v2\/posts\/138074\/revisions\/138076"}],"wp:featuredmedia":[{"embeddable":true,"href":"https:\/\/www.caririemacao.com\/1\/wp-json\/wp\/v2\/media\/138075"}],"wp:attachment":[{"href":"https:\/\/www.caririemacao.com\/1\/wp-json\/wp\/v2\/media?parent=138074"}],"wp:term":[{"taxonomy":"category","embeddable":true,"href":"https:\/\/www.caririemacao.com\/1\/wp-json\/wp\/v2\/categories?post=138074"},{"taxonomy":"post_tag","embeddable":true,"href":"https:\/\/www.caririemacao.com\/1\/wp-json\/wp\/v2\/tags?post=138074"}],"curies":[{"name":"wp","href":"https:\/\/api.w.org\/{rel}","templated":true}]}}