{"id":138078,"date":"2019-11-27T06:46:23","date_gmt":"2019-11-27T09:46:23","guid":{"rendered":"http:\/\/www.caririemacao.com\/1\/?p=138078"},"modified":"2019-11-26T23:47:41","modified_gmt":"2019-11-27T02:47:41","slug":"padre-e-ajudante-sao-feitos-refens-e-tem-carro-roubado-em-cabaceiras-na-paraiba","status":"publish","type":"post","link":"https:\/\/www.caririemacao.com\/1\/2019\/11\/27\/padre-e-ajudante-sao-feitos-refens-e-tem-carro-roubado-em-cabaceiras-na-paraiba\/","title":{"rendered":"Padre e ajudante s\u00e3o feitos ref\u00e9ns e t\u00eam carro roubado em Cabaceiras, na Para\u00edba"},"content":{"rendered":"\n<p>Um padre e uma ajudante dele foram feitos ref\u00e9ns e tiveram o carro roubado na manh\u00e3 desta ter\u00e7a-feira (26), na zona rural de Cabaceiras, no Cariri da Para\u00edba. Segundo informa\u00e7\u00f5es da Pol\u00edcia Civil, a v\u00edtima foi transferida de par\u00f3quia h\u00e1 pouco tempo e mora no munic\u00edpio de Boa Vista, no Agreste do estado.<\/p>\n\n\n\n<p>O sacerdote dava carona a uma ajudante dele quando o crime aconteceu em uma estrada que liga os munic\u00edpios de Boa Vista e Cabaceiras. Eles foram seguidos por um grupo que estava em outro ve\u00edculo. Quando chegaram em um ponto deserto da via foram rendidos por quatro homens armados.<\/p>\n\n\n\n<p>O padre e a mulher que estava com ele foram feitos ref\u00e9ns pelos suspeitos e levados at\u00e9 a cidade de Boqueir\u00e3o, tamb\u00e9m no Cariri paraibano. No local, eles foram amarrados. Os suspeitos teriam ainda pedido para que eles deitassem no ch\u00e3o e olhassem para baixo enquanto fugiam com o ve\u00edculo.<\/p>\n\n\n\n<p>De acordo com a Pol\u00edcia Civil, o padre e a ajudante dele foram v\u00edtimas do terceiro assalto que aconteceu na mesma regi\u00e3o em menos de dois meses.<\/p>\n\n\n\n<p>At\u00e9 as 15h20 desta ter\u00e7a-feira, os suspeitos n\u00e3o haviam sido detidos e nem o ve\u00edculo foi encontrado.<br><\/p>\n","protected":false},"excerpt":{"rendered":"<p>Um padre e uma ajudante dele foram feitos ref\u00e9ns e tiveram o carro roubado na manh\u00e3 desta ter\u00e7a-feira (26), na zona rural de Cabaceiras, no&hellip; <\/p>\n","protected":false},"author":1,"featured_media":136172,"comment_status":"closed","ping_status":"closed","sticky":false,"template":"","format":"standard","meta":{"sfsi_plus_gutenberg_text_before_share":"","sfsi_plus_gutenberg_show_text_before_share":"","sfsi_plus_gutenberg_icon_type":"","sfsi_plus_gutenberg_icon_alignemt":"","sfsi_plus_gutenburg_max_per_row":"","footnotes":""},"categories":[12],"tags":[],"class_list":["post-138078","post","type-post","status-publish","format-standard","has-post-thumbnail","hentry","category-policia"],"_links":{"self":[{"href":"https:\/\/www.caririemacao.com\/1\/wp-json\/wp\/v2\/posts\/138078","targetHints":{"allow":["GET"]}}],"collection":[{"href":"https:\/\/www.caririemacao.com\/1\/wp-json\/wp\/v2\/posts"}],"about":[{"href":"https:\/\/www.caririemacao.com\/1\/wp-json\/wp\/v2\/types\/post"}],"author":[{"embeddable":true,"href":"https:\/\/www.caririemacao.com\/1\/wp-json\/wp\/v2\/users\/1"}],"replies":[{"embeddable":true,"href":"https:\/\/www.caririemacao.com\/1\/wp-json\/wp\/v2\/comments?post=138078"}],"version-history":[{"count":1,"href":"https:\/\/www.caririemacao.com\/1\/wp-json\/wp\/v2\/posts\/138078\/revisions"}],"predecessor-version":[{"id":138079,"href":"https:\/\/www.caririemacao.com\/1\/wp-json\/wp\/v2\/posts\/138078\/revisions\/138079"}],"wp:featuredmedia":[{"embeddable":true,"href":"https:\/\/www.caririemacao.com\/1\/wp-json\/wp\/v2\/media\/136172"}],"wp:attachment":[{"href":"https:\/\/www.caririemacao.com\/1\/wp-json\/wp\/v2\/media?parent=138078"}],"wp:term":[{"taxonomy":"category","embeddable":true,"href":"https:\/\/www.caririemacao.com\/1\/wp-json\/wp\/v2\/categories?post=138078"},{"taxonomy":"post_tag","embeddable":true,"href":"https:\/\/www.caririemacao.com\/1\/wp-json\/wp\/v2\/tags?post=138078"}],"curies":[{"name":"wp","href":"https:\/\/api.w.org\/{rel}","templated":true}]}}