{"id":138082,"date":"2019-11-27T06:47:47","date_gmt":"2019-11-27T09:47:47","guid":{"rendered":"http:\/\/www.caririemacao.com\/1\/?p=138082"},"modified":"2019-11-26T23:49:54","modified_gmt":"2019-11-27T02:49:54","slug":"monteiro-esta-entre-os-47-municipios-sob-alerta-de-perigo-potencial-de-chuvas-intensas","status":"publish","type":"post","link":"https:\/\/www.caririemacao.com\/1\/2019\/11\/27\/monteiro-esta-entre-os-47-municipios-sob-alerta-de-perigo-potencial-de-chuvas-intensas\/","title":{"rendered":"Monteiro est\u00e1 entre os 47 munic\u00edpios sob alerta de perigo potencial de chuvas intensas"},"content":{"rendered":"\n<p>Aviso \u00e9 v\u00e1lido at\u00e9 as 9h desta quarta-feira (27), para o Cariri, Serid\u00f3 e Sert\u00e3o paraibano.<\/p>\n\n\n\n<p>A Para\u00edba tem 47 munic\u00edpios sob alerta de perigo potencial de chuvas intensas, de acordo com boletim divulgado nesta ter\u00e7a-feira (26) pelo pelo Instituto Nacional de Meteorologia (Inmet). A previs\u00e3o \u00e9 de chuva entre 20 e 30 mm\/h com baixo risco de corte de energia el\u00e9trica, alagamentos e de descargas el\u00e9tricas.<\/p>\n\n\n\n<p>Ainda de acordo com o instituto, o aviso \u00e9 v\u00e1lido at\u00e9 as 9h desta quarta-feira (27), para o Cariri, Serid\u00f3 e Sert\u00e3o paraibano. A Defesa Civil disponibiliza o telefone 199 para d\u00favidas e informa\u00e7\u00f5es, e o Corpo de Bombeiros, o 193 para poss\u00edveis emerg\u00eancias.<\/p>\n\n\n\n<p>A recomenda\u00e7\u00e3o do instituto \u00e9 que, em caso de chuva em algum dos munic\u00edpios paraibanos listados, os moradores evitem enfrentar o mau tempo, observem a altera\u00e7\u00e3o nas encostas e evitem usar aparelhos eletr\u00f4nicos ligados \u00e0 tomada. Em caso de rajadas de vento, \u00e9 recomendado n\u00e3o se abrigar debaixo de \u00e1rvores e n\u00e3o estacionar ve\u00edculos pr\u00f3ximos a torres de transmiss\u00e3o.<\/p>\n\n\n\n<p>Munic\u00edpios com alertas de chuvas<br>Aguiar<br>Aparecida<br>Boa Ventura<br>Bom Jesus<br>Bonito De Santa F\u00e9<br>Cachoeira Dos \u00cdndios<br>Cajazeiras<br>Cajazeirinhas<br>Carrapateira<br>Catingueira<br>Concei\u00e7\u00e3o<br>Coremas<br>Curral Velho<br>Diamante<br>Emas<br>Ibiara<br>Igaracy<br>Imaculada<br>Itaporanga<br>Juru<br>Mana\u00edra<br>Mariz\u00f3polis<br>Monte Horebe<br><strong>Monteiro<\/strong><br>M\u00e3e D\u2019\u00c1gua<br>Nazarezinho<br>Nova Olinda<br>Olho D\u2019\u00c1gua<br>Pedra Branca<br>Pianc\u00f3<br>Pombal<br>Princesa Isabel<br>Santa Helena<br>Santa In\u00eas<br>Santana De Mangueira<br>Santana Dos Garrotes<br>Serra Grande<br>Sousa<br>S\u00e3o Domingos<br>S\u00e3o Jos\u00e9 Da Lagoa Tapada<\/p>\n","protected":false},"excerpt":{"rendered":"<p>Aviso \u00e9 v\u00e1lido at\u00e9 as 9h desta quarta-feira (27), para o Cariri, Serid\u00f3 e Sert\u00e3o paraibano. A Para\u00edba tem 47 munic\u00edpios sob alerta de perigo&hellip; <\/p>\n","protected":false},"author":1,"featured_media":9645,"comment_status":"closed","ping_status":"closed","sticky":false,"template":"","format":"standard","meta":{"sfsi_plus_gutenberg_text_before_share":"","sfsi_plus_gutenberg_show_text_before_share":"","sfsi_plus_gutenberg_icon_type":"","sfsi_plus_gutenberg_icon_alignemt":"","sfsi_plus_gutenburg_max_per_row":"","footnotes":""},"categories":[2],"tags":[],"class_list":["post-138082","post","type-post","status-publish","format-standard","has-post-thumbnail","hentry","category-geral"],"_links":{"self":[{"href":"https:\/\/www.caririemacao.com\/1\/wp-json\/wp\/v2\/posts\/138082","targetHints":{"allow":["GET"]}}],"collection":[{"href":"https:\/\/www.caririemacao.com\/1\/wp-json\/wp\/v2\/posts"}],"about":[{"href":"https:\/\/www.caririemacao.com\/1\/wp-json\/wp\/v2\/types\/post"}],"author":[{"embeddable":true,"href":"https:\/\/www.caririemacao.com\/1\/wp-json\/wp\/v2\/users\/1"}],"replies":[{"embeddable":true,"href":"https:\/\/www.caririemacao.com\/1\/wp-json\/wp\/v2\/comments?post=138082"}],"version-history":[{"count":1,"href":"https:\/\/www.caririemacao.com\/1\/wp-json\/wp\/v2\/posts\/138082\/revisions"}],"predecessor-version":[{"id":138083,"href":"https:\/\/www.caririemacao.com\/1\/wp-json\/wp\/v2\/posts\/138082\/revisions\/138083"}],"wp:featuredmedia":[{"embeddable":true,"href":"https:\/\/www.caririemacao.com\/1\/wp-json\/wp\/v2\/media\/9645"}],"wp:attachment":[{"href":"https:\/\/www.caririemacao.com\/1\/wp-json\/wp\/v2\/media?parent=138082"}],"wp:term":[{"taxonomy":"category","embeddable":true,"href":"https:\/\/www.caririemacao.com\/1\/wp-json\/wp\/v2\/categories?post=138082"},{"taxonomy":"post_tag","embeddable":true,"href":"https:\/\/www.caririemacao.com\/1\/wp-json\/wp\/v2\/tags?post=138082"}],"curies":[{"name":"wp","href":"https:\/\/api.w.org\/{rel}","templated":true}]}}