{"id":138087,"date":"2019-11-27T06:50:06","date_gmt":"2019-11-27T09:50:06","guid":{"rendered":"http:\/\/www.caririemacao.com\/1\/?p=138087"},"modified":"2019-11-26T23:51:42","modified_gmt":"2019-11-27T02:51:42","slug":"dia-d-contra-o-sarampo-acontece-neste-sabado-para-faixa-etaria-de-20-a-29-anos-em-monteiro","status":"publish","type":"post","link":"https:\/\/www.caririemacao.com\/1\/2019\/11\/27\/dia-d-contra-o-sarampo-acontece-neste-sabado-para-faixa-etaria-de-20-a-29-anos-em-monteiro\/","title":{"rendered":"Dia D contra o Sarampo acontece neste s\u00e1bado para faixa et\u00e1ria de 20 a 29 anos em Monteiro"},"content":{"rendered":"\n<p>Jovens com idade entre 20 a 29 anos s\u00e3o o p\u00fablico alvo da a\u00e7\u00e3o que acontece em todas as Unidades B\u00e1sicas de Sa\u00fade neste s\u00e1bado, 30, no Dia D contra o sarampo.<\/p>\n\n\n\n<p>Na a\u00e7\u00e3o ser\u00e1 disponibilizado o esquema de imuniza\u00e7\u00e3o da tr\u00edplice viral (que protege do v\u00edrus do sarampo, caxumba e rub\u00e9ola), que faz parte da 2\u00aa etapa da Campanha de Vacina\u00e7\u00e3o contra o Sarampo.<\/p>\n\n\n\n<p>Segundo a diretora da Vigil\u00e2ncia em Sa\u00fade, Silvana Silva, o p\u00fablico-alvo desta campanha \u00e9 o de maior incid\u00eancia nos casos de sarampo registrados no pa\u00eds. \u201cAtualmente, o adulto de 20 at\u00e9 29 anos deve ter registrado no cart\u00e3o duas doses da vacina contra o sarampo ap\u00f3s altera\u00e7\u00e3o feita pelo Minist\u00e9rio da Sa\u00fade, que aconteceu em 2017. Como \u00e9 uma mudan\u00e7a recente, muitos adultos desta faixa et\u00e1ria t\u00eam apenas uma dose, o que n\u00e3o assegura a prote\u00e7\u00e3o contra o v\u00edrus. Com a campanha, queremos garantir que todos fiquem protegidas\u201d, frisou.<\/p>\n\n\n\n<p>Dia D<br>A mobiliza\u00e7\u00e3o nacional do Dia D acontecer\u00e1 neste s\u00e1bado (30), \u00faltimo dia da campanha. Para atender toda a popula\u00e7\u00e3o que faz parte do p\u00fablico-alvo, a secretaria de sa\u00fade atende nas Unidades B\u00e1sicas das 08 \u00e0s 17, al\u00e9m de um ponto de vacina\u00e7\u00e3o na Vigil\u00e2nica em Sa\u00fade.<\/p>\n","protected":false},"excerpt":{"rendered":"<p>Jovens com idade entre 20 a 29 anos s\u00e3o o p\u00fablico alvo da a\u00e7\u00e3o que acontece em todas as Unidades B\u00e1sicas de Sa\u00fade neste s\u00e1bado,&hellip; <\/p>\n","protected":false},"author":1,"featured_media":9699,"comment_status":"closed","ping_status":"closed","sticky":false,"template":"","format":"standard","meta":{"sfsi_plus_gutenberg_text_before_share":"","sfsi_plus_gutenberg_show_text_before_share":"","sfsi_plus_gutenberg_icon_type":"","sfsi_plus_gutenberg_icon_alignemt":"","sfsi_plus_gutenburg_max_per_row":"","footnotes":""},"categories":[2],"tags":[],"class_list":["post-138087","post","type-post","status-publish","format-standard","has-post-thumbnail","hentry","category-geral"],"_links":{"self":[{"href":"https:\/\/www.caririemacao.com\/1\/wp-json\/wp\/v2\/posts\/138087","targetHints":{"allow":["GET"]}}],"collection":[{"href":"https:\/\/www.caririemacao.com\/1\/wp-json\/wp\/v2\/posts"}],"about":[{"href":"https:\/\/www.caririemacao.com\/1\/wp-json\/wp\/v2\/types\/post"}],"author":[{"embeddable":true,"href":"https:\/\/www.caririemacao.com\/1\/wp-json\/wp\/v2\/users\/1"}],"replies":[{"embeddable":true,"href":"https:\/\/www.caririemacao.com\/1\/wp-json\/wp\/v2\/comments?post=138087"}],"version-history":[{"count":1,"href":"https:\/\/www.caririemacao.com\/1\/wp-json\/wp\/v2\/posts\/138087\/revisions"}],"predecessor-version":[{"id":138088,"href":"https:\/\/www.caririemacao.com\/1\/wp-json\/wp\/v2\/posts\/138087\/revisions\/138088"}],"wp:featuredmedia":[{"embeddable":true,"href":"https:\/\/www.caririemacao.com\/1\/wp-json\/wp\/v2\/media\/9699"}],"wp:attachment":[{"href":"https:\/\/www.caririemacao.com\/1\/wp-json\/wp\/v2\/media?parent=138087"}],"wp:term":[{"taxonomy":"category","embeddable":true,"href":"https:\/\/www.caririemacao.com\/1\/wp-json\/wp\/v2\/categories?post=138087"},{"taxonomy":"post_tag","embeddable":true,"href":"https:\/\/www.caririemacao.com\/1\/wp-json\/wp\/v2\/tags?post=138087"}],"curies":[{"name":"wp","href":"https:\/\/api.w.org\/{rel}","templated":true}]}}