{"id":138091,"date":"2019-11-27T06:38:00","date_gmt":"2019-11-27T09:38:00","guid":{"rendered":"http:\/\/www.caririemacao.com\/1\/?p=138091"},"modified":"2019-11-27T06:38:00","modified_gmt":"2019-11-27T09:38:00","slug":"exposicao-de-fotos-mostra-criancas-afetadas-pelo-virus-zika","status":"publish","type":"post","link":"https:\/\/www.caririemacao.com\/1\/2019\/11\/27\/exposicao-de-fotos-mostra-criancas-afetadas-pelo-virus-zika\/","title":{"rendered":"Exposi\u00e7\u00e3o de fotos mostra crian\u00e7as afetadas pelo v\u00edrus Zika"},"content":{"rendered":"\n<p>\u201cEle me ensinou a ser forte e \u00e9 o meu combust\u00edvel. Meu cora\u00e7\u00e3o que bate fora do meu peito\u201d,&nbsp; disse B\u00e1rbara Ferreira da Silva, de 32 anos, referindo-se ao filho Bernardo, de 3 anos e 9 meses, diagnosticado com a s\u00edndrome cong\u00eanita do v\u00edrus Zika.<\/p>\n\n\n\n<p>B\u00e1rbara conta que n\u00e3o teve nenhum sintoma da doen\u00e7a durante a gravidez. \u201cMas, quando meu filho nasceu, percebi que havia alguma coisa diferente. Ele chorava muito e n\u00e3o dormia, os m\u00e9dicos receitavam ch\u00e1s e massagens, mas n\u00e3o adiantava. Foi s\u00f3 quando o Bernardo j\u00e1 estava com quatro meses, quando passei por um mutir\u00e3o m\u00e9dico, que meu filho foi diagnosticado. Precisei deixar meu emprego de secret\u00e1ria, sair da cidade de Caruaru, no interior de Pernambuco, e ir para Recife buscar tratamento\u201d, contou.<\/p>\n\n\n\n<p>A comerciante Carolina Calabria de Paula Baptista, m\u00e3e da Lis, de 3 anos, contou que o dia a dia \u00e9 bem puxado. \u201cDe&nbsp;segunda&nbsp;a&nbsp;sexta,&nbsp;ela faz terapias pela manh\u00e3: fisioterapia, fonoaudiologia e terapia ocupacional e, uma vez por semana, faz fisioterapia aqu\u00e1tica. E ainda tem as consultas, \u00e9 uma crian\u00e7a que tem que ser acompanhada por v\u00e1rios especialistas\u201d, descreveu.<\/p>\n\n\n\n<p>Ela est\u00e1 gr\u00e1vida do segundo filho e disse que ser m\u00e3e de crian\u00e7a especial muda apenas a rotina. \u201cQuando voc\u00ea \u00e9 m\u00e3e o amor, independentemente de a crian\u00e7a ter alguma s\u00edndrome, n\u00e3o muda, o que muda \u00e9 o nosso cotidiano, a rotina, que exige mais\u201d.<\/p>\n\n\n\n<p>Para ela, participar da exposi\u00e7\u00e3o foi uma experi\u00eancia bem interessante. \u201cAs fotos deste ano foram feitas na nossa casa, mostramos o dia a dia da Liz e foi bem interessante, os registros ficaram marcados para sempre. A equipe das fotos est\u00e1 nos acolhendo muito bem\u201d.<\/p>\n\n\n\n<figure class=\"wp-block-image\"><img decoding=\"async\" data-src=\"http:\/\/imagens.ebc.com.br\/rxI9k2Aj4feRRres0zzCqbXGdOI=\/754x0\/smart\/http:\/\/agenciabrasil.ebc.com.br\/sites\/default\/files\/atoms\/image\/bebe_com_microcefalia.png?itok=mQl5QEZt\" alt=\"Beb\u00ea com microcefalia (Divulga\u00e7\u00e3o\/TV Brasil)\" src=\"data:image\/svg+xml;base64,PHN2ZyB3aWR0aD0iMSIgaGVpZ2h0PSIxIiB4bWxucz0iaHR0cDovL3d3dy53My5vcmcvMjAwMC9zdmciPjwvc3ZnPg==\" class=\"lazyload\" \/><\/figure>\n\n\n\n<p>Beb\u00ea com microcefalia &#8211;&nbsp;<strong>Divulga\u00e7\u00e3o\/TV Brasil<\/strong><br><\/p>\n\n\n\n<p>Bernardo e Liz s\u00e3o duas das 11 crian\u00e7as com microcefalia causada pela s\u00edndrome cong\u00eanita do v\u00edrus da Zika que participam da exposi\u00e7\u00e3o fotogr\u00e1fica&nbsp;<em>Toda Crian\u00e7a \u00e9 Especial<\/em>, promovida pelo Instituto Luz Natural, uma entidade sem fins lucrativos que usa a fotografia como ferramenta de mudan\u00e7a social.<\/p>\n\n\n\n<p>As crian\u00e7as foram retratadas por duas especialistas em fotografia infantil. A convite da fot\u00f3grafa pernambucana Andr\u00e9a Leal, a fot\u00f3grafa paulista Simone Silv\u00e9rio retratou os pequenos em 2018. As fotos tiveram a interven\u00e7\u00e3o do artista pl\u00e1stico Alyson Carvalho.<\/p>\n\n\n\n<p>Em 2019, um ano e meio depois da primeira sess\u00e3o, as crian\u00e7as foram novamente clicadas junto com suas fam\u00edlias, sob o olhar de Andr\u00e9a Leal.&nbsp; O resultado, al\u00e9m do vi\u00e9s art\u00edstico, visa a dar visibilidade a essas crian\u00e7as e dizer que suas necessidades de inclus\u00e3o, reabilita\u00e7\u00e3o e cidadania precisam ser atendidas.<\/p>\n\n\n\n<p>Quando surgiu o surto e com possibilidades de epidemia em 2015, o mundo voltou os olhares para essas crian\u00e7as.&nbsp;Hoje, h\u00e1 um esquecimento gradativo do assunto no pa\u00eds, mas as consequ\u00eancias para cada beb\u00ea de uma m\u00e3e que foi infectada na gravidez s\u00e3o para a vida inteira. Enquanto n\u00e3o houver o controle sobre o&nbsp;<em>Aedes aegypti<\/em>, haver\u00e1 o risco.&nbsp; No Brasil, mais de 3 mil crian\u00e7as nasceram com microcefalia por Zika desde 2015.<\/p>\n\n\n\n<h2 class=\"wp-block-heading\">Abertura<\/h2>\n\n\n\n<p>Depois de passar por Pernambuco, estado onde foi diagnosticado o maior n\u00famero de casos de Zika no pa\u00eds, a mostra estar\u00e1 em S\u00e3o Paulo a partir de&nbsp;hoje (27), na Galeria Studio Trend, no Alto de Pinheiros. A exposi\u00e7\u00e3o, com entrada franca, pode ser vista at\u00e9&nbsp;20 de dezembro.<\/p>\n\n\n\n<p>As crian\u00e7as que foram fotografadas para a exposi\u00e7\u00e3o s\u00e3o atendidas pela Associa\u00e7\u00e3o Pernambucana Uni\u00e3o de M\u00e3es de Anjos (UMA). A entidade \u00e9 reconhecida pela luta por maior assist\u00eancia \u00e0s fam\u00edlias desses menores.<\/p>\n\n\n\n<h2 class=\"wp-block-heading\">Papel social da fotografia<\/h2>\n\n\n\n<p>\u201cTrabalhos como esses ilustram bem a quest\u00e3o do papel social da fotografia. A forma com que as fam\u00edlias encaram desafios gigantescos.<\/p>\n\n\n\n<p>&#8220;Hist\u00f3rias como essas de aprendizado, coragem, supera\u00e7\u00e3o, solidariedade e, sobretudo, amor que quis registrar com minhas lentes e compartilhar por meio do meu olhar. Conviver por algum tempo, deixar-se fotografar e&nbsp;ter&nbsp;imagens legais j\u00e1 trouxe alguns momentos alegres para essas pessoas e, sem d\u00favida para mim, que tive o privil\u00e9gio da companhia delas. Espero que isso contribua, de alguma forma, para trazer mais coisas positivas tanto a essas pessoas quanto \u00e0s que se emocionarem com elas\u201d, disse a fot\u00f3grafa Simone Silv\u00e9rio.<\/p>\n\n\n\n<p>Ela participa de v\u00e1rios projetos sociais como, por exemplo, a exposi\u00e7\u00e3o&nbsp;<em>Mulheres no Espelho<\/em>, promovida pelo Instituto Viver&nbsp;Hoje, com objetivo de alertar sobre a import\u00e2ncia do diagn\u00f3stico precoce do c\u00e2ncer de mama, e a Campanha Internacional de Combate \u00e0 Meningite, com os atletas paraol\u00edmpicos brasileiros.<\/p>\n\n\n\n<p>A fot\u00f3grafa Pernambucana Andr\u00e9a Leal criou o Instituto Luz Natural. A entidade, sem fins lucrativos, usa a fotografia como ferramenta de mudan\u00e7a social. Al\u00e9m do projeto Toda Crian\u00e7a \u00e9 Especial, o instituto promove os projetos Retratos de M\u00e3e, Meu Pai, meu Her\u00f3i e Luz Natural.<\/p>\n\n\n\n<h2 class=\"wp-block-heading\">Servi\u00e7o:<\/h2>\n\n\n\n<p>Exposi\u00e7\u00e3o Toda Crian\u00e7a \u00e9 Especial &#8211;&nbsp; retrata crian\u00e7as afetadas pelo v\u00edrus da Zika<\/p>\n\n\n\n<p>Fot\u00f3grafas: Simone Silv\u00e9rio e Andr\u00e9a Leal<\/p>\n\n\n\n<p>Abertura:&nbsp;27 de novembro, \u00e0s 18h<\/p>\n\n\n\n<p>Exposi\u00e7\u00e3o:&nbsp;27 de novembro&nbsp;a&nbsp;20 de dezembro<\/p>\n\n\n\n<p>Hor\u00e1rio: das 9h \u00e0s 18h, de&nbsp;segunda&nbsp;a&nbsp;sexta-feira<\/p>\n\n\n\n<p>Local:&nbsp; Galeria Studio Trend &#8211; Rua Costa Carvalho, 213 &#8211; Alto de Pinheiros &#8211; SP<\/p>\n","protected":false},"excerpt":{"rendered":"<p>\u201cEle me ensinou a ser forte e \u00e9 o meu combust\u00edvel. Meu cora\u00e7\u00e3o que bate fora do meu peito\u201d,&nbsp; disse B\u00e1rbara Ferreira da Silva, de&hellip; <\/p>\n","protected":false},"author":1,"featured_media":123705,"comment_status":"closed","ping_status":"closed","sticky":false,"template":"","format":"standard","meta":{"sfsi_plus_gutenberg_text_before_share":"","sfsi_plus_gutenberg_show_text_before_share":"","sfsi_plus_gutenberg_icon_type":"","sfsi_plus_gutenberg_icon_alignemt":"","sfsi_plus_gutenburg_max_per_row":"","footnotes":""},"categories":[16],"tags":[],"class_list":["post-138091","post","type-post","status-publish","format-standard","has-post-thumbnail","hentry","category-saude"],"_links":{"self":[{"href":"https:\/\/www.caririemacao.com\/1\/wp-json\/wp\/v2\/posts\/138091","targetHints":{"allow":["GET"]}}],"collection":[{"href":"https:\/\/www.caririemacao.com\/1\/wp-json\/wp\/v2\/posts"}],"about":[{"href":"https:\/\/www.caririemacao.com\/1\/wp-json\/wp\/v2\/types\/post"}],"author":[{"embeddable":true,"href":"https:\/\/www.caririemacao.com\/1\/wp-json\/wp\/v2\/users\/1"}],"replies":[{"embeddable":true,"href":"https:\/\/www.caririemacao.com\/1\/wp-json\/wp\/v2\/comments?post=138091"}],"version-history":[{"count":1,"href":"https:\/\/www.caririemacao.com\/1\/wp-json\/wp\/v2\/posts\/138091\/revisions"}],"predecessor-version":[{"id":138092,"href":"https:\/\/www.caririemacao.com\/1\/wp-json\/wp\/v2\/posts\/138091\/revisions\/138092"}],"wp:featuredmedia":[{"embeddable":true,"href":"https:\/\/www.caririemacao.com\/1\/wp-json\/wp\/v2\/media\/123705"}],"wp:attachment":[{"href":"https:\/\/www.caririemacao.com\/1\/wp-json\/wp\/v2\/media?parent=138091"}],"wp:term":[{"taxonomy":"category","embeddable":true,"href":"https:\/\/www.caririemacao.com\/1\/wp-json\/wp\/v2\/categories?post=138091"},{"taxonomy":"post_tag","embeddable":true,"href":"https:\/\/www.caririemacao.com\/1\/wp-json\/wp\/v2\/tags?post=138091"}],"curies":[{"name":"wp","href":"https:\/\/api.w.org\/{rel}","templated":true}]}}