{"id":138103,"date":"2019-11-27T06:47:41","date_gmt":"2019-11-27T09:47:41","guid":{"rendered":"http:\/\/www.caririemacao.com\/1\/?p=138103"},"modified":"2019-11-27T06:47:41","modified_gmt":"2019-11-27T09:47:41","slug":"ministerio-publico-divulga-edital-para-doacao-de-computadores-cameras-mesas-cadeiras-e-livros","status":"publish","type":"post","link":"https:\/\/www.caririemacao.com\/1\/2019\/11\/27\/ministerio-publico-divulga-edital-para-doacao-de-computadores-cameras-mesas-cadeiras-e-livros\/","title":{"rendered":"Minist\u00e9rio P\u00fablico divulga edital para doa\u00e7\u00e3o de computadores, c\u00e2meras, mesas, cadeiras e livros"},"content":{"rendered":"\n<p>270 bens m\u00f3veis foram disponibilizados em lotes para doa\u00e7\u00e3o pelo Minist\u00e9rio P\u00fablico Federal (MPF) na Para\u00edba nesta ter\u00e7a-feira (26). O desfazimento contempla bens m\u00f3veis ociosos, irrecuper\u00e1veis ou antiecon\u00f4micos da sede do \u00f3rg\u00e3o em Jo\u00e3o Pessoa, como mobili\u00e1rio, bens de inform\u00e1tica, eletr\u00f4nicos, eletrodom\u00e9sticos, livros, entre outros.<\/p>\n\n\n\n<p>Podem concorrer, prioritariamente, entidades federais, estaduais, do Distrito Federal e municipais, al\u00e9m de organiza\u00e7\u00f5es da sociedade civil de interesse p\u00fablico e de associa\u00e7\u00f5es ou cooperativas que atendam aos requisitos do Decreto n\u00ba 5.940\/2006.<\/p>\n\n\n\n<p><a href=\"http:\/\/www.mpf.mp.br\/pb\/sala-de-imprensa\/docs\/edital-de-intencao-de-doacao\/view\">Confira o edital<\/a><\/p>\n\n\n\n<p>Os interessados devem encaminhar ao procurador-chefe do MPF na Para\u00edba, em cinco dias,&nbsp;<a href=\"http:\/\/www.mpf.mp.br\/pb\/sala-de-imprensa\/docs\/formulario-de-solicitacao\/view\">formul\u00e1rio de solicita\u00e7\u00e3o<\/a>. O envio deve ser feito pelo&nbsp;<a href=\"https:\/\/apps.mpf.mp.br\/ouvidoria\/app\/protocolo\/\">protocolo eletr\u00f4nico<\/a>. Em caso de indisponibilidade do sistema, devem manifestar interesse enviando o formul\u00e1rio pelos e-mails gracegalvao@mpf.mp.br, matiasneto@mpf.mp.br e PRPB-SELOG@mpf.mp.br. Presencialmente, podem entregar o formul\u00e1rio no Setor de Manuten\u00e7\u00e3o e Servi\u00e7os Gerais do MPF em Jo\u00e3o Pessoa, situado na Avenida Epit\u00e1cio Pessoa, 1800, Expedicion\u00e1rios.<\/p>\n\n\n\n<p>As organiza\u00e7\u00f5es da sociedade civil de interesse p\u00fablico e associa\u00e7\u00f5es ou cooperativas, al\u00e9m de enviarem o formul\u00e1rio, devem enviar documenta\u00e7\u00e3o espec\u00edfica informada no edital.<\/p>\n","protected":false},"excerpt":{"rendered":"<p>270 bens m\u00f3veis foram disponibilizados em lotes para doa\u00e7\u00e3o pelo Minist\u00e9rio P\u00fablico Federal (MPF) na Para\u00edba nesta ter\u00e7a-feira (26). O desfazimento contempla bens m\u00f3veis ociosos,&hellip; <\/p>\n","protected":false},"author":1,"featured_media":138104,"comment_status":"closed","ping_status":"closed","sticky":false,"template":"","format":"standard","meta":{"sfsi_plus_gutenberg_text_before_share":"","sfsi_plus_gutenberg_show_text_before_share":"","sfsi_plus_gutenberg_icon_type":"","sfsi_plus_gutenberg_icon_alignemt":"","sfsi_plus_gutenburg_max_per_row":"","footnotes":""},"categories":[2],"tags":[],"class_list":["post-138103","post","type-post","status-publish","format-standard","has-post-thumbnail","hentry","category-geral"],"_links":{"self":[{"href":"https:\/\/www.caririemacao.com\/1\/wp-json\/wp\/v2\/posts\/138103","targetHints":{"allow":["GET"]}}],"collection":[{"href":"https:\/\/www.caririemacao.com\/1\/wp-json\/wp\/v2\/posts"}],"about":[{"href":"https:\/\/www.caririemacao.com\/1\/wp-json\/wp\/v2\/types\/post"}],"author":[{"embeddable":true,"href":"https:\/\/www.caririemacao.com\/1\/wp-json\/wp\/v2\/users\/1"}],"replies":[{"embeddable":true,"href":"https:\/\/www.caririemacao.com\/1\/wp-json\/wp\/v2\/comments?post=138103"}],"version-history":[{"count":1,"href":"https:\/\/www.caririemacao.com\/1\/wp-json\/wp\/v2\/posts\/138103\/revisions"}],"predecessor-version":[{"id":138105,"href":"https:\/\/www.caririemacao.com\/1\/wp-json\/wp\/v2\/posts\/138103\/revisions\/138105"}],"wp:featuredmedia":[{"embeddable":true,"href":"https:\/\/www.caririemacao.com\/1\/wp-json\/wp\/v2\/media\/138104"}],"wp:attachment":[{"href":"https:\/\/www.caririemacao.com\/1\/wp-json\/wp\/v2\/media?parent=138103"}],"wp:term":[{"taxonomy":"category","embeddable":true,"href":"https:\/\/www.caririemacao.com\/1\/wp-json\/wp\/v2\/categories?post=138103"},{"taxonomy":"post_tag","embeddable":true,"href":"https:\/\/www.caririemacao.com\/1\/wp-json\/wp\/v2\/tags?post=138103"}],"curies":[{"name":"wp","href":"https:\/\/api.w.org\/{rel}","templated":true}]}}