{"id":138107,"date":"2019-11-27T06:50:28","date_gmt":"2019-11-27T09:50:28","guid":{"rendered":"http:\/\/www.caririemacao.com\/1\/?p=138107"},"modified":"2019-11-27T06:50:28","modified_gmt":"2019-11-27T09:50:28","slug":"homem-se-passa-por-organizador-do-velorio-do-gugu-para-enganar-famosos","status":"publish","type":"post","link":"https:\/\/www.caririemacao.com\/1\/2019\/11\/27\/homem-se-passa-por-organizador-do-velorio-do-gugu-para-enganar-famosos\/","title":{"rendered":"Homem se passa por organizador do vel\u00f3rio do Gugu para enganar famosos"},"content":{"rendered":"\n<p>Assessoria de Gugu Liberato emitiu um novo comunicado nesta ter\u00e7a-feira (26) denunciando o golpe de um falso organizador do vel\u00f3rio do apresentador que faleceu aos 60 anos de idade ap\u00f3s um acidente dom\u00e9stico.<\/p>\n\n\n\n<p>&#8220;Uma pessoa chamada J\u00fanior (*) est\u00e1 ligando para v\u00e1rios artistas comunicando que estaria organizando o vel\u00f3rio do Gugu e que a m\u00e3e dele&nbsp; gostaria de falar com esses artistas. Pe\u00e7o a todos a gentileza de informar que n\u00e3o existe ningu\u00e9m organizando o vel\u00f3rio do Gugu, ningu\u00e9m convidando artistas para falar com a fam\u00edlia que n\u00e3o tem condi\u00e7\u00f5es de falar com ningu\u00e9m. Estamos procurando o telefone desta pessoa para quem sabe acionar as autoridades e mostrar que os valores s\u00e3o outros&#8221;, dizia o a\u00fadio enviado h\u00e1 poucos minutos pela assessora Esther Rocha que pediu posteriormente para o sobrenome da pessoa n\u00e3o ser divulgado.<\/p>\n\n\n\n<p>A assessoria enviou ainda uma foto do perfil de WhatsApp do suspeito que est\u00e1 entrando em contato com famosos e convidando para uma cerim\u00f4nia a pedido da m\u00e3e de Gugu, Maria do C\u00e9u, de 90 anos.<\/p>\n\n\n\n<p>Ainda sobre a informa\u00e7\u00e3o da chegada do corpo de Gugu ao Brasil, a assessoria n\u00e3o tem novas informa\u00e7\u00f5es: &#8220;Nada definido ainda. Assim q hor\u00e1rios forem definidos informarei a todos. Grata, Esther Rocha&#8221;.<\/p>\n\n\n\n<p>Leia abaixo o \u00faltimo comunicado enviado nessa segunda-feira (25).&nbsp;<\/p>\n\n\n\n<p>Seguem as informa\u00e7\u00f5es de hoje sobre translado, vel\u00f3rio e sepultamento de Gugu Liberato:<\/p>\n\n\n\n<p><em>\u2022 O corpo j\u00e1 foi liberado do instituto respons\u00e1vel pelas necr\u00f3psias e laudos (o equivalente ao IML no Brasil), que aguarda a autoriza\u00e7\u00e3o de retirada pela funer\u00e1ria. Esse documento foi assinado na noite de domingo (24\/11) por Jo\u00e3o Augusto Liberato (primog\u00eanito do apresentador) e entregue nesse instituto.<\/em><\/p>\n\n\n\n<p><em>Conforme j\u00e1 informamos, seguindo as leis da Florida, \u00e9 o filho de Gugu quem precisa assinar toda a documenta\u00e7\u00e3o referente a esses tramites.<\/em><\/p>\n\n\n\n<p><em>\u2022 O pr\u00f3ximo passo \u00e9&nbsp; a funer\u00e1ria&nbsp; retirar o corpo. Isso acontecer\u00e1 mas pr\u00f3ximas horas.<br>A funer\u00e1ria vai preparar para translado para o Brasil.<\/em><\/p>\n\n\n\n<p><em>\u2022 Ainda n\u00e3o temos a data da chegada do corpo ao Brasil. Todo esse processo est\u00e1 seguindo os tr\u00e2mites legais. At\u00e9 agora trabalhamos com uma previs\u00e3o de data, quinta-feira (28\/11).<\/em><\/p>\n\n\n\n<p><em>\u2022 O vel\u00f3rio acontecer\u00e1 na assembleia Legislativa do Estado de S\u00e3o Paulo e ser\u00e1 aberto ao publico para que possam se despedir de Gugu.<br>Gugu ser\u00e1 sepultado no jazigo da fam\u00edlia no Cemit\u00e9rio Gets\u00eamani, Morumbi, em S\u00e3o Paulo.<\/em><\/p>\n\n\n\n<p><em>Assim que novas informa\u00e7\u00f5es estiverem dispon\u00edveis, informaremos prontamente.<\/em><\/p>\n\n\n\n<p><em>Esther Rocha<br>Assessoria de Comunica\u00e7\u00e3o<br>S\u00e3o Paulo, 25 de novembro de 2019<\/em><\/p>\n\n\n\n<p><strong>Falecimento<\/strong><br><\/p>\n\n\n\n<p>Gugu Liberato teve morte cerebral confirmada na sexta-feira (22.11) por sua assessoria de imprensa. O apresentador de 60 anos sofreu um acidente em sua casa nos Estados Unidos, onde caiu de uma altura de 4 metros enquanto arrumava o ar-condicionado.<\/p>\n\n\n\n<p>&#8220;Este \u00e9 um momento que jamais imaginamos viver. Com profunda tristeza, familiares comunicam o falecimento do pai, irm\u00e3o, filho, amigo, empres\u00e1rio, jornalista e apresentador Ant\u00f4nio Augusto Moraes Liberato (Gugu Liberato), aos 60 anos, em Orlando, Florida, Estados Unidos&#8221;, dizia a nota divulgada.<\/p>\n\n\n\n<p>Gugu deixa tr\u00eas filhos, Jo\u00e3o Augusto de 18 anos e as g\u00eameas Marina e Sophia de 15 anos. Atendendo a uma vontade dele, a fam\u00edlia autorizou a doa\u00e7\u00e3o de todos os \u00f3rg\u00e3os que beneficiaram mais de 50 pessoas.<\/p>\n","protected":false},"excerpt":{"rendered":"<p>Assessoria de Gugu Liberato emitiu um novo comunicado nesta ter\u00e7a-feira (26) denunciando o golpe de um falso organizador do vel\u00f3rio do apresentador que faleceu aos&hellip; <\/p>\n","protected":false},"author":1,"featured_media":138000,"comment_status":"closed","ping_status":"closed","sticky":false,"template":"","format":"standard","meta":{"sfsi_plus_gutenberg_text_before_share":"","sfsi_plus_gutenberg_show_text_before_share":"","sfsi_plus_gutenberg_icon_type":"","sfsi_plus_gutenberg_icon_alignemt":"","sfsi_plus_gutenburg_max_per_row":"","footnotes":""},"categories":[2],"tags":[],"class_list":["post-138107","post","type-post","status-publish","format-standard","has-post-thumbnail","hentry","category-geral"],"_links":{"self":[{"href":"https:\/\/www.caririemacao.com\/1\/wp-json\/wp\/v2\/posts\/138107","targetHints":{"allow":["GET"]}}],"collection":[{"href":"https:\/\/www.caririemacao.com\/1\/wp-json\/wp\/v2\/posts"}],"about":[{"href":"https:\/\/www.caririemacao.com\/1\/wp-json\/wp\/v2\/types\/post"}],"author":[{"embeddable":true,"href":"https:\/\/www.caririemacao.com\/1\/wp-json\/wp\/v2\/users\/1"}],"replies":[{"embeddable":true,"href":"https:\/\/www.caririemacao.com\/1\/wp-json\/wp\/v2\/comments?post=138107"}],"version-history":[{"count":1,"href":"https:\/\/www.caririemacao.com\/1\/wp-json\/wp\/v2\/posts\/138107\/revisions"}],"predecessor-version":[{"id":138110,"href":"https:\/\/www.caririemacao.com\/1\/wp-json\/wp\/v2\/posts\/138107\/revisions\/138110"}],"wp:featuredmedia":[{"embeddable":true,"href":"https:\/\/www.caririemacao.com\/1\/wp-json\/wp\/v2\/media\/138000"}],"wp:attachment":[{"href":"https:\/\/www.caririemacao.com\/1\/wp-json\/wp\/v2\/media?parent=138107"}],"wp:term":[{"taxonomy":"category","embeddable":true,"href":"https:\/\/www.caririemacao.com\/1\/wp-json\/wp\/v2\/categories?post=138107"},{"taxonomy":"post_tag","embeddable":true,"href":"https:\/\/www.caririemacao.com\/1\/wp-json\/wp\/v2\/tags?post=138107"}],"curies":[{"name":"wp","href":"https:\/\/api.w.org\/{rel}","templated":true}]}}