{"id":138117,"date":"2019-11-27T06:53:48","date_gmt":"2019-11-27T09:53:48","guid":{"rendered":"http:\/\/www.caririemacao.com\/1\/?p=138117"},"modified":"2019-11-27T06:53:48","modified_gmt":"2019-11-27T09:53:48","slug":"governo-reduz-para-r-1-031-estimativa-de-salario-minimo-para-2020","status":"publish","type":"post","link":"https:\/\/www.caririemacao.com\/1\/2019\/11\/27\/governo-reduz-para-r-1-031-estimativa-de-salario-minimo-para-2020\/","title":{"rendered":"Governo reduz para R$ 1.031 estimativa de sal\u00e1rio m\u00ednimo para 2020"},"content":{"rendered":"\n<p>O&nbsp;<a href=\"http:\/\/agenciabrasil.ebc.com.br\/tags\/salario-minimo\" target=\"_blank\" rel=\"noreferrer noopener\">sal\u00e1rio m\u00ednimo<\/a>&nbsp;para o pr\u00f3ximo ano ficar\u00e1 em R$ 1.031, anunciou no fim da tarde de hoje (26) o secret\u00e1rio especial de Fazenda do Minist\u00e9rio da Economia, Waldery Rodrigues. O valor representa redu\u00e7\u00e3o de R$ 8 em rela\u00e7\u00e3o ao projeto de lei do&nbsp;<a href=\"http:\/\/agenciabrasil.ebc.com.br\/tags\/orcamento-1\" target=\"_blank\" rel=\"noreferrer noopener\">Or\u00e7amento<\/a>&nbsp;Geral da Uni\u00e3o do pr\u00f3ximo ano, que previa m\u00ednimo de R$ 1.039 para o pr\u00f3ximo ano.&nbsp;<\/p>\n\n\n\n<p>O novo valor do m\u00ednimo consta de mensagem modificativa do Or\u00e7amento de 2020 enviada hoje (26) pelo governo ao Congresso Nacional. Segundo Rodrigues, a queda da proje\u00e7\u00e3o se justifica pela redu\u00e7\u00e3o das estimativas da infla\u00e7\u00e3o pelo \u00cdndice Nacional de Pre\u00e7os ao Consumidor (INPC) para o pr\u00f3ximo ano.&nbsp;<\/p>\n\n\n\n<p>A mensagem modificativa reduziu para 3,5% a estimativa para o INPC em 2020, meio ponto percentual a menos que a proje\u00e7\u00e3o de 4% que constava no projeto de lei do Or\u00e7amento. A previs\u00e3o do \u00cdndice Nacional de Pre\u00e7os ao Consumidor Amplo (IPCA), usado como \u00edndice oficial de infla\u00e7\u00e3o, caiu de 3,9% para 3,5%.&nbsp;<\/p>\n\n\n\n<p>A estimativa de crescimento para a economia, em contrapartida, aumentou de 2,17% para 2,32%. A estimativa para a cota\u00e7\u00e3o m\u00e9dia do&nbsp;<a href=\"http:\/\/agenciabrasil.ebc.com.br\/tags\/dolar-0\" target=\"_blank\" rel=\"noreferrer noopener\">d\u00f3lar<\/a>&nbsp;no pr\u00f3ximo ano aumentou de R$ 3,80 para R$ 4.&nbsp;<\/p>\n\n\n\n<p>Ao anunciar a revis\u00e3o das estimativas, Rodrigues destacou que a nova pol\u00edtica para o sal\u00e1rio m\u00ednimo s\u00f3 ser\u00e1 decidida nas pr\u00f3ximas semanas pelo presidente Jair Bolsonaro. O secret\u00e1rio de Fazenda, no entanto, diz que o valor servir\u00e1 de refer\u00eancia para o Pal\u00e1cio do Planalto.<\/p>\n","protected":false},"excerpt":{"rendered":"<p>O&nbsp;sal\u00e1rio m\u00ednimo&nbsp;para o pr\u00f3ximo ano ficar\u00e1 em R$ 1.031, anunciou no fim da tarde de hoje (26) o secret\u00e1rio especial de Fazenda do Minist\u00e9rio da&hellip; <\/p>\n","protected":false},"author":1,"featured_media":109814,"comment_status":"closed","ping_status":"closed","sticky":false,"template":"","format":"standard","meta":{"sfsi_plus_gutenberg_text_before_share":"","sfsi_plus_gutenberg_show_text_before_share":"","sfsi_plus_gutenberg_icon_type":"","sfsi_plus_gutenberg_icon_alignemt":"","sfsi_plus_gutenburg_max_per_row":"","footnotes":""},"categories":[11],"tags":[],"class_list":["post-138117","post","type-post","status-publish","format-standard","has-post-thumbnail","hentry","category-politica"],"_links":{"self":[{"href":"https:\/\/www.caririemacao.com\/1\/wp-json\/wp\/v2\/posts\/138117","targetHints":{"allow":["GET"]}}],"collection":[{"href":"https:\/\/www.caririemacao.com\/1\/wp-json\/wp\/v2\/posts"}],"about":[{"href":"https:\/\/www.caririemacao.com\/1\/wp-json\/wp\/v2\/types\/post"}],"author":[{"embeddable":true,"href":"https:\/\/www.caririemacao.com\/1\/wp-json\/wp\/v2\/users\/1"}],"replies":[{"embeddable":true,"href":"https:\/\/www.caririemacao.com\/1\/wp-json\/wp\/v2\/comments?post=138117"}],"version-history":[{"count":1,"href":"https:\/\/www.caririemacao.com\/1\/wp-json\/wp\/v2\/posts\/138117\/revisions"}],"predecessor-version":[{"id":138118,"href":"https:\/\/www.caririemacao.com\/1\/wp-json\/wp\/v2\/posts\/138117\/revisions\/138118"}],"wp:featuredmedia":[{"embeddable":true,"href":"https:\/\/www.caririemacao.com\/1\/wp-json\/wp\/v2\/media\/109814"}],"wp:attachment":[{"href":"https:\/\/www.caririemacao.com\/1\/wp-json\/wp\/v2\/media?parent=138117"}],"wp:term":[{"taxonomy":"category","embeddable":true,"href":"https:\/\/www.caririemacao.com\/1\/wp-json\/wp\/v2\/categories?post=138117"},{"taxonomy":"post_tag","embeddable":true,"href":"https:\/\/www.caririemacao.com\/1\/wp-json\/wp\/v2\/tags?post=138117"}],"curies":[{"name":"wp","href":"https:\/\/api.w.org\/{rel}","templated":true}]}}