{"id":138122,"date":"2019-11-27T06:55:37","date_gmt":"2019-11-27T09:55:37","guid":{"rendered":"http:\/\/www.caririemacao.com\/1\/?p=138122"},"modified":"2019-11-27T06:55:37","modified_gmt":"2019-11-27T09:55:37","slug":"jogadores-do-cruzeiro-estao-proibidos-de-conceder-entrevistas","status":"publish","type":"post","link":"https:\/\/www.caririemacao.com\/1\/2019\/11\/27\/jogadores-do-cruzeiro-estao-proibidos-de-conceder-entrevistas\/","title":{"rendered":"Jogadores do Cruzeiro est\u00e3o proibidos de conceder entrevistas"},"content":{"rendered":"\n<p>O Cruzeiro decidiu proibir seus jogadores de concederem entrevistas coletivas antes dos treinos na Toca da Raposa e ao sa\u00edrem dos est\u00e1dios ap\u00f3s os jogos pelo Campeonato Brasileiro, no qual briga para n\u00e3o ser rebaixado.<\/p>\n\n\n\n<p>\u201cVamos preservar os jogadores de qualquer contato que julgamos que possa ser ruim para o clube. Diante disso, neste jogo contra o CSA, depois contra o Vasco e Gr\u00eamio, eles n\u00e3o falar\u00e3o com voc\u00eas\u201d, disse Valdir Barbosa, diretor de futebol.<\/p>\n\n\n\n<p>Desta forma, os jogadores s\u00f3 falar\u00e3o \u00e0 beira do gramado ap\u00f3s o jogo para o ve\u00edculo detentor dos direitos de transmiss\u00e3o, mas passar\u00e3o direto nas zonas mistas dos est\u00e1dios. Segundo Valdir, a decis\u00e3o foi tomada pela diretoria ap\u00f3s a partida contra o Santos no s\u00e1bado (23), em que o Cruzeiro acabou goleado por 4 a 1.<\/p>\n\n\n\n<p>A medida adotada acontece dias depois de o t\u00e9cnico Abel Braga ficar em uma saia justa ao ser perguntado sobre a situa\u00e7\u00e3o de Thiago Neves. Ap\u00f3s a partida contra o Santos, o meia revelou estar jogando no sacrif\u00edcio, com dores em v\u00e1rios locais, mas que n\u00e3o poderia deixar de jogar quando escalado.<\/p>\n\n\n\n<p>O comandante revelou surpresa com a declara\u00e7\u00e3o do atleta. Gestor de futebol, Zez\u00e9 Perrella tamb\u00e9m disse n\u00e3o saber sobre a situa\u00e7\u00e3o cl\u00ednica ruim do camisa 10.<\/p>\n\n\n\n<p>Al\u00e9m dos tr\u00eas jogos citados por Barbosa, o Cruzeiro ainda ter\u00e1 duelo com o Palmeiras nesta reta final do Brasileiro. A equipe celeste soma 36 pontos, na 17\u00aa coloca\u00e7\u00e3o, que abre a zona de rebaixamento -o time imediatamente acima \u00e9 o Cear\u00e1, com 37.<\/p>\n","protected":false},"excerpt":{"rendered":"<p>O Cruzeiro decidiu proibir seus jogadores de concederem entrevistas coletivas antes dos treinos na Toca da Raposa e ao sa\u00edrem dos est\u00e1dios ap\u00f3s os jogos&hellip; <\/p>\n","protected":false},"author":1,"featured_media":138123,"comment_status":"closed","ping_status":"closed","sticky":false,"template":"","format":"standard","meta":{"sfsi_plus_gutenberg_text_before_share":"","sfsi_plus_gutenberg_show_text_before_share":"","sfsi_plus_gutenberg_icon_type":"","sfsi_plus_gutenberg_icon_alignemt":"","sfsi_plus_gutenburg_max_per_row":"","footnotes":""},"categories":[13],"tags":[],"class_list":["post-138122","post","type-post","status-publish","format-standard","has-post-thumbnail","hentry","category-esportes"],"_links":{"self":[{"href":"https:\/\/www.caririemacao.com\/1\/wp-json\/wp\/v2\/posts\/138122","targetHints":{"allow":["GET"]}}],"collection":[{"href":"https:\/\/www.caririemacao.com\/1\/wp-json\/wp\/v2\/posts"}],"about":[{"href":"https:\/\/www.caririemacao.com\/1\/wp-json\/wp\/v2\/types\/post"}],"author":[{"embeddable":true,"href":"https:\/\/www.caririemacao.com\/1\/wp-json\/wp\/v2\/users\/1"}],"replies":[{"embeddable":true,"href":"https:\/\/www.caririemacao.com\/1\/wp-json\/wp\/v2\/comments?post=138122"}],"version-history":[{"count":1,"href":"https:\/\/www.caririemacao.com\/1\/wp-json\/wp\/v2\/posts\/138122\/revisions"}],"predecessor-version":[{"id":138124,"href":"https:\/\/www.caririemacao.com\/1\/wp-json\/wp\/v2\/posts\/138122\/revisions\/138124"}],"wp:featuredmedia":[{"embeddable":true,"href":"https:\/\/www.caririemacao.com\/1\/wp-json\/wp\/v2\/media\/138123"}],"wp:attachment":[{"href":"https:\/\/www.caririemacao.com\/1\/wp-json\/wp\/v2\/media?parent=138122"}],"wp:term":[{"taxonomy":"category","embeddable":true,"href":"https:\/\/www.caririemacao.com\/1\/wp-json\/wp\/v2\/categories?post=138122"},{"taxonomy":"post_tag","embeddable":true,"href":"https:\/\/www.caririemacao.com\/1\/wp-json\/wp\/v2\/tags?post=138122"}],"curies":[{"name":"wp","href":"https:\/\/api.w.org\/{rel}","templated":true}]}}