{"id":138135,"date":"2019-11-27T07:03:50","date_gmt":"2019-11-27T10:03:50","guid":{"rendered":"http:\/\/www.caririemacao.com\/1\/?p=138135"},"modified":"2019-11-27T07:03:50","modified_gmt":"2019-11-27T10:03:50","slug":"nacional-detalha-convite-do-podemos-a-joao","status":"publish","type":"post","link":"https:\/\/www.caririemacao.com\/1\/2019\/11\/27\/nacional-detalha-convite-do-podemos-a-joao\/","title":{"rendered":"Nacional detalha convite do Podemos a Jo\u00e3o"},"content":{"rendered":"\n<p>Deputada federal por S\u00e3o Paulo e presidente nacional do Podemos, Renata Abreu afirmou ao&nbsp;<strong>Portal MaisPB<\/strong>&nbsp;que j\u00e1 fez o convite ao governador Jo\u00e3o Azev\u00eado (PSB) para ingressar na sigla na Para\u00edba.&nbsp; A parlamentar destacou que as caracter\u00edsticas de Jo\u00e3o est\u00e3o em sintonia com os ideais do partido.<\/p>\n\n\n\n<p>De acordo com Renata, o ingresso do governador ao Podemos seria \u2018um presente\u2019 e engrandeceria as fileiras do poder.&nbsp;\u201cPor tudo que ele representa, pela sua hist\u00f3ria, \u00e9 um homem que tem o nosso discurso de n\u00e3o polariza\u00e7\u00e3o\u201d, ressaltou.<\/p>\n\n\n\n<p>Ainda conforme a deputada, o convite foi feito junto com o presidente estadual da sigla na Para\u00edba, Galego do Leite. A conversa entre Renata e Jo\u00e3o aconteceu por telefone, ela contou ao jornalista Wallison Bezerra&nbsp;que deve vir \u00e0 Para\u00edba para falar pessoalmente com o socialista.<\/p>\n\n\n\n<p><strong>Assista:<\/strong><\/p>\n\n\n\n<figure><iframe width=\"590\" height=\"345\" data-src=\"https:\/\/www.youtube.com\/embed\/Xjrzb2FJ8Yc?theme=light&amp;autohide=1&amp;showinfo=0;wmode=transparent;border=none;iv_load_policy=1;rel=0\" allowfullscreen=\"\" src=\"data:image\/svg+xml;base64,PHN2ZyB3aWR0aD0iMSIgaGVpZ2h0PSIxIiB4bWxucz0iaHR0cDovL3d3dy53My5vcmcvMjAwMC9zdmciPjwvc3ZnPg==\" class=\"lazyload\" data-load-mode=\"1\"><\/iframe><\/figure>\n\n\n\n<p><strong>Seguidores do governador<\/strong><\/p>\n\n\n\n<p>Caso Jo\u00e3o deixe o PSB, pelo menos dois parlamentares devem segui-lo. Nesta ter\u00e7a-feira (26),&nbsp;<a href=\"https:\/\/www.maispb.com.br\/428263\/veneziano-sinaliza-saida-do-psb-mas-ainda-espera-decisao-de-joao-azevedo.html\">o senador Veneziano Vital (PSB) admitiu que pretende sair da sigla<\/a>, mas aguarda o posicionamento do gestor para definir seu futuro. Recentemente, a deputada estadual&nbsp;<a href=\"https:\/\/www.maispb.com.br\/427351\/pollyana-admite-deixar-psb-nao-tem-mais-ambiente-partidario.html\">Pollyanna Dutra tamb\u00e9m sinalizou que seguir\u00e1 Jo\u00e3o por n\u00e3o haver mais \u2018seguran\u00e7a partid\u00e1ria\u2019 no PSB<\/a>.<\/p>\n\n\n\n<p>Quem j\u00e1 anunciou a sa\u00edda da sigla foi o presidente da Assembleia Legislativa da Para\u00edba, Adriano Galdino.&nbsp;\u201cN\u00e3o tenho como conviver com o grupo pol\u00edtico, nessa confus\u00e3o toda do PSB. Mesmo se o governador Jo\u00e3o Azev\u00eado fizer as pazes com o ex-governador Ricardo Coutinho, eu mesmo n\u00e3o estou mais confort\u00e1vel no partido\u201d, afirmou o socialista em setembro.<\/p>\n","protected":false},"excerpt":{"rendered":"<p>Deputada federal por S\u00e3o Paulo e presidente nacional do Podemos, Renata Abreu afirmou ao&nbsp;Portal MaisPB&nbsp;que j\u00e1 fez o convite ao governador Jo\u00e3o Azev\u00eado (PSB) para&hellip; <\/p>\n","protected":false},"author":1,"featured_media":138136,"comment_status":"closed","ping_status":"closed","sticky":false,"template":"","format":"standard","meta":{"sfsi_plus_gutenberg_text_before_share":"","sfsi_plus_gutenberg_show_text_before_share":"","sfsi_plus_gutenberg_icon_type":"","sfsi_plus_gutenberg_icon_alignemt":"","sfsi_plus_gutenburg_max_per_row":"","footnotes":""},"categories":[2],"tags":[],"class_list":["post-138135","post","type-post","status-publish","format-standard","has-post-thumbnail","hentry","category-geral"],"_links":{"self":[{"href":"https:\/\/www.caririemacao.com\/1\/wp-json\/wp\/v2\/posts\/138135","targetHints":{"allow":["GET"]}}],"collection":[{"href":"https:\/\/www.caririemacao.com\/1\/wp-json\/wp\/v2\/posts"}],"about":[{"href":"https:\/\/www.caririemacao.com\/1\/wp-json\/wp\/v2\/types\/post"}],"author":[{"embeddable":true,"href":"https:\/\/www.caririemacao.com\/1\/wp-json\/wp\/v2\/users\/1"}],"replies":[{"embeddable":true,"href":"https:\/\/www.caririemacao.com\/1\/wp-json\/wp\/v2\/comments?post=138135"}],"version-history":[{"count":1,"href":"https:\/\/www.caririemacao.com\/1\/wp-json\/wp\/v2\/posts\/138135\/revisions"}],"predecessor-version":[{"id":138137,"href":"https:\/\/www.caririemacao.com\/1\/wp-json\/wp\/v2\/posts\/138135\/revisions\/138137"}],"wp:featuredmedia":[{"embeddable":true,"href":"https:\/\/www.caririemacao.com\/1\/wp-json\/wp\/v2\/media\/138136"}],"wp:attachment":[{"href":"https:\/\/www.caririemacao.com\/1\/wp-json\/wp\/v2\/media?parent=138135"}],"wp:term":[{"taxonomy":"category","embeddable":true,"href":"https:\/\/www.caririemacao.com\/1\/wp-json\/wp\/v2\/categories?post=138135"},{"taxonomy":"post_tag","embeddable":true,"href":"https:\/\/www.caririemacao.com\/1\/wp-json\/wp\/v2\/tags?post=138135"}],"curies":[{"name":"wp","href":"https:\/\/api.w.org\/{rel}","templated":true}]}}