{"id":138144,"date":"2019-11-27T07:17:41","date_gmt":"2019-11-27T10:17:41","guid":{"rendered":"http:\/\/www.caririemacao.com\/1\/?p=138144"},"modified":"2019-11-27T07:17:41","modified_gmt":"2019-11-27T10:17:41","slug":"confira-os-assuntos-discutidos-na-camara-de-vereadores-de-sume-nesta-terca-feira","status":"publish","type":"post","link":"https:\/\/www.caririemacao.com\/1\/2019\/11\/27\/confira-os-assuntos-discutidos-na-camara-de-vereadores-de-sume-nesta-terca-feira\/","title":{"rendered":"Confira os assuntos discutidos na C\u00e2mara de Vereadores de Sum\u00e9 nesta ter\u00e7a-feira"},"content":{"rendered":"\n<p>Na noite desta ter\u00e7a-feira (26), aconteceu a reuni\u00e3o do Legislativo Sumeense. Na oportunidade fizeram uso da tribuna Lucineide Lima (Coordenadora do Centro Refer\u00eancia de Atendimento \u00e0s Mulheres do Cariri), Francismere Passos (Coordenadora do Centro de Refer\u00eancia de Assist\u00eancia Social) e Aluska Kaline da Silva (Coordenadora do Departamento de Divis\u00e3o e Prote\u00e7\u00e3o \u00e0 Mulher e Diversidade Humana), que discutiram sobre a campanha de 16 dias de ativismo contra a viol\u00eancia \u00e0 mulher.<\/p>\n\n\n\n<div class=\"wp-block-image\"><figure class=\"aligncenter\"><a href=\"http:\/\/noticiasemdestaque.com\/cd\/wp-content\/uploads\/2019\/11\/1a0a285d-39ec-4c34-8785-1499a5da22ab.jpg\"><img decoding=\"async\" data-src=\"http:\/\/noticiasemdestaque.com\/cd\/wp-content\/uploads\/2019\/11\/1a0a285d-39ec-4c34-8785-1499a5da22ab.jpg\" alt=\"\" class=\"wp-image-20920 lazyload\" src=\"data:image\/svg+xml;base64,PHN2ZyB3aWR0aD0iMSIgaGVpZ2h0PSIxIiB4bWxucz0iaHR0cDovL3d3dy53My5vcmcvMjAwMC9zdmciPjwvc3ZnPg==\" \/><\/a><\/figure><\/div>\n\n\n\n<p>Durante a reuni\u00e3o foi aprovado o Projeto de Lei 561\/2019 de autoria do Poder Executivo que disp\u00f5e sobre a cria\u00e7\u00e3o do Conselho Municipal dos Direitos da Mulher, com a finalidade de promover, em harmonia com as diretrizes com tra\u00e7adas pelo Governo Federal e Estadual, pol\u00edticas destinadas a assegurar a mulher efetiva participa\u00e7\u00e3o e conhecimento dos direitos comi cidad\u00e3.<\/p>\n\n\n\n<p>A vereadora&nbsp;Brigida Xavier, tinha solicitando ainda no ano de 2017, a cria\u00e7\u00e3o do Conselho da Mulher.<\/p>\n\n\n\n<div class=\"wp-block-image\"><figure class=\"aligncenter\"><a href=\"http:\/\/noticiasemdestaque.com\/cd\/wp-content\/uploads\/2019\/11\/9be2e035-ad85-43a6-8ad9-7adc3d5b901f.jpg\"><img decoding=\"async\" data-src=\"http:\/\/noticiasemdestaque.com\/cd\/wp-content\/uploads\/2019\/11\/9be2e035-ad85-43a6-8ad9-7adc3d5b901f.jpg\" alt=\"\" class=\"wp-image-20921 lazyload\" src=\"data:image\/svg+xml;base64,PHN2ZyB3aWR0aD0iMSIgaGVpZ2h0PSIxIiB4bWxucz0iaHR0cDovL3d3dy53My5vcmcvMjAwMC9zdmciPjwvc3ZnPg==\" \/><\/a><\/figure><\/div>\n\n\n\n<p>Aprovado projeto de autoria da vereadora Br\u00edgida Xavier que disp\u00f5e sobre a inclus\u00e3o da disciplina de L\u00edngua Espanhola no curr\u00edculo do ensino fundamental da rede municipal de ensino de Sum\u00e9.<\/p>\n\n\n\n<div class=\"wp-block-image\"><figure class=\"aligncenter\"><a href=\"http:\/\/noticiasemdestaque.com\/cd\/wp-content\/uploads\/2019\/11\/12bc9f1d-c6cb-4fe6-aea2-77b102bc7c56.jpg\"><img decoding=\"async\" data-src=\"http:\/\/noticiasemdestaque.com\/cd\/wp-content\/uploads\/2019\/11\/12bc9f1d-c6cb-4fe6-aea2-77b102bc7c56.jpg\" alt=\"\" class=\"wp-image-20922 lazyload\" src=\"data:image\/svg+xml;base64,PHN2ZyB3aWR0aD0iMSIgaGVpZ2h0PSIxIiB4bWxucz0iaHR0cDovL3d3dy53My5vcmcvMjAwMC9zdmciPjwvc3ZnPg==\" \/><\/a><\/figure><\/div>\n\n\n\n<p>Os vereadores aprovaram o Projeto de Lei 560 de 2019, de autoria do vereador Ant\u00f4nio Carlos, que estabelece prioridade de atendimentos p\u00fablicos e privados \u00e0s pessoas com Transtornos do Aspectros Autista.<\/p>\n\n\n\n<p>Foi aprovado o Projeto de Lei 559 de 2019, de autoria do vereador Ant\u00f4nio Carlos, que estabelece o agendamento telef\u00f4nico de consultas m\u00e9dicas para pacientes idosos e portadores de defici\u00eancia, previamente cadastrado nas Unidades de Sa\u00fade do Munic\u00edpio.<\/p>\n\n\n\n<p>Foi aprovado o Projeto de Lei 556\/2019 que altera a reda\u00e7\u00e3o de dispositivos da Lei 754 de 1999, que trata sobre a Pol\u00edtica Municipal dos Direitos das Crian\u00e7as e Adolescentes.<\/p>\n\n\n\n<p>Foi aprovado o Projeto de Lei 557\/2019 de autoria do Poder Executivo, que altera a reda\u00e7\u00e3o de dispositivos da Lei 925 de 2006, que disp\u00f5e sobre o Conselho Municipal de Assist\u00eancia Social.<\/p>\n\n\n\n<p>Foi aprovado o Projeto de Lei 558\/2019 de autoria do Poder Executivo que altera a reda\u00e7\u00e3o de dispositivos da Lei n\u00famero 1.192 de 2016 que disp\u00f5e sobre o Fundo Municipal de Assist\u00eancia Social.<\/p>\n","protected":false},"excerpt":{"rendered":"<p>Na noite desta ter\u00e7a-feira (26), aconteceu a reuni\u00e3o do Legislativo Sumeense. Na oportunidade fizeram uso da tribuna Lucineide Lima (Coordenadora do Centro Refer\u00eancia de Atendimento&hellip; <\/p>\n","protected":false},"author":1,"featured_media":138145,"comment_status":"closed","ping_status":"closed","sticky":false,"template":"","format":"standard","meta":{"sfsi_plus_gutenberg_text_before_share":"","sfsi_plus_gutenberg_show_text_before_share":"","sfsi_plus_gutenberg_icon_type":"","sfsi_plus_gutenberg_icon_alignemt":"","sfsi_plus_gutenburg_max_per_row":"","footnotes":""},"categories":[2],"tags":[],"class_list":["post-138144","post","type-post","status-publish","format-standard","has-post-thumbnail","hentry","category-geral"],"_links":{"self":[{"href":"https:\/\/www.caririemacao.com\/1\/wp-json\/wp\/v2\/posts\/138144","targetHints":{"allow":["GET"]}}],"collection":[{"href":"https:\/\/www.caririemacao.com\/1\/wp-json\/wp\/v2\/posts"}],"about":[{"href":"https:\/\/www.caririemacao.com\/1\/wp-json\/wp\/v2\/types\/post"}],"author":[{"embeddable":true,"href":"https:\/\/www.caririemacao.com\/1\/wp-json\/wp\/v2\/users\/1"}],"replies":[{"embeddable":true,"href":"https:\/\/www.caririemacao.com\/1\/wp-json\/wp\/v2\/comments?post=138144"}],"version-history":[{"count":1,"href":"https:\/\/www.caririemacao.com\/1\/wp-json\/wp\/v2\/posts\/138144\/revisions"}],"predecessor-version":[{"id":138146,"href":"https:\/\/www.caririemacao.com\/1\/wp-json\/wp\/v2\/posts\/138144\/revisions\/138146"}],"wp:featuredmedia":[{"embeddable":true,"href":"https:\/\/www.caririemacao.com\/1\/wp-json\/wp\/v2\/media\/138145"}],"wp:attachment":[{"href":"https:\/\/www.caririemacao.com\/1\/wp-json\/wp\/v2\/media?parent=138144"}],"wp:term":[{"taxonomy":"category","embeddable":true,"href":"https:\/\/www.caririemacao.com\/1\/wp-json\/wp\/v2\/categories?post=138144"},{"taxonomy":"post_tag","embeddable":true,"href":"https:\/\/www.caririemacao.com\/1\/wp-json\/wp\/v2\/tags?post=138144"}],"curies":[{"name":"wp","href":"https:\/\/api.w.org\/{rel}","templated":true}]}}