{"id":138150,"date":"2019-11-27T09:40:39","date_gmt":"2019-11-27T12:40:39","guid":{"rendered":"http:\/\/www.caririemacao.com\/1\/?p=138150"},"modified":"2019-11-28T10:15:45","modified_gmt":"2019-11-28T13:15:45","slug":"exclusivo-justica-federal-condena-ex-prefeito-de-sao-joao-do-cariri-por-improbidade-administrativa","status":"publish","type":"post","link":"https:\/\/www.caririemacao.com\/1\/2019\/11\/27\/exclusivo-justica-federal-condena-ex-prefeito-de-sao-joao-do-cariri-por-improbidade-administrativa\/","title":{"rendered":"Justi\u00e7a Federal condena ex-prefeito de S\u00e3o Jo\u00e3o do Cariri por improbidade administrativa"},"content":{"rendered":"\n<div class=\"wp-block-image\"><figure class=\"aligncenter\"><img decoding=\"async\" data-src=\"http:\/\/deolhonocariri.com.br\/wp-content\/uploads\/2019\/11\/Beto-Medeiros-740x414.jpg\" alt=\"\" class=\"wp-image-74402 lazyload\" src=\"data:image\/svg+xml;base64,PHN2ZyB3aWR0aD0iMSIgaGVpZ2h0PSIxIiB4bWxucz0iaHR0cDovL3d3dy53My5vcmcvMjAwMC9zdmciPjwvc3ZnPg==\" style=\"--smush-placeholder-width: 740px; --smush-placeholder-aspect-ratio: 740\/414;\" \/><\/figure><\/div>\n\n\n\n<p>A Justi\u00e7a Federal de Monteiro, atrav\u00e9s do Juiz Rodrigo Maia da Fonte, condenou o ex-prefeito de S\u00e3o Jo\u00e3o do Cariri, Beto Medeiros, por improbidade administrativa, em decorr\u00eancia de irregularidades no conv\u00eanio 704374\/2009.<\/p>\n\n\n\n<p>O conv\u00eanio, que tinha por objetivo a realiza\u00e7\u00e3o do I S\u00e3o Jo\u00e3o Fest, n\u00e3o teve sua realiza\u00e7\u00e3o suficientemente comprovada, segundo relata o Minist\u00e9rio P\u00fablico Federal em sua a\u00e7\u00e3o. O MPF ainda alertou e o juiz federal acatou o fato do ex-prefeito Beto Medeiros n\u00e3o realizar o devido processo licitat\u00f3rio para a contrata\u00e7\u00e3o das bandas, contratando por meio de inexigibilidade de licita\u00e7\u00e3o uma empresa respons\u00e1vel para tal fim.<\/p>\n\n\n\n<p>\u201cO dolo do ex-Prefeito Roberto Pedro Medeiros Filho, tamb\u00e9m \u00e9 indubit\u00e1vel, uma vez que, na qualidade de mandat\u00e1rio superior da administra\u00e7\u00e3o municipal e ordenador de despesas, autorizou todas as etapas e ratificou a inexigibilidade de disputa, praticando atos de procedimento viciado para respaldar a contrata\u00e7\u00e3o direta da empresa que j\u00e1 tinha rela\u00e7\u00e3o com a gest\u00e3o municipal\u201d, relatou o juiz Rodrigo Maia da Fonte em sua senten\u00e7a.<\/p>\n\n\n\n<p>Tamb\u00e9m foram condenados J\u00e9ssica Gon\u00e7alves Vidal, filha do ex-prefeito de Gurj\u00e3o, Jos\u00e9 Carlos Vidal, e o ex-secret\u00e1rio da Prefeitura de S\u00e3o Jo\u00e3o do Cariri, Josedi Pereira de Ara\u00fajo, conhecido como Didi.<\/p>\n\n\n\n<p>Segundo a senten\u00e7a, o ex-prefeito Beto Medeiros ter\u00e1 que devolver o correspondente a 10% do valor do conv\u00eanio, estimado em mais de R$ 300.000,00, al\u00e9m de provavelmente ficar fora da disputa eleitoral para o pr\u00f3ximo ano, caso n\u00e3o recorra da decis\u00e3o. Os demais tamb\u00e9m ficariam ineleg\u00edveis e proibidos de contratar com o poder p\u00fablico e at\u00e9, de exercer cargos p\u00fablicos.<\/p>\n\n\n\n<p>A decis\u00e3o ainda cabe recurso.<\/p>\n\n\n\n<p>De olho no cariri<\/p>\n","protected":false},"excerpt":{"rendered":"<p>A Justi\u00e7a Federal de Monteiro, atrav\u00e9s do Juiz Rodrigo Maia da Fonte, condenou o ex-prefeito de S\u00e3o Jo\u00e3o do Cariri, Beto Medeiros, por improbidade administrativa,&hellip; <\/p>\n","protected":false},"author":1,"featured_media":138152,"comment_status":"closed","ping_status":"closed","sticky":false,"template":"","format":"standard","meta":{"sfsi_plus_gutenberg_text_before_share":"","sfsi_plus_gutenberg_show_text_before_share":"","sfsi_plus_gutenberg_icon_type":"","sfsi_plus_gutenberg_icon_alignemt":"","sfsi_plus_gutenburg_max_per_row":"","footnotes":""},"categories":[2],"tags":[],"class_list":["post-138150","post","type-post","status-publish","format-standard","has-post-thumbnail","hentry","category-geral"],"_links":{"self":[{"href":"https:\/\/www.caririemacao.com\/1\/wp-json\/wp\/v2\/posts\/138150","targetHints":{"allow":["GET"]}}],"collection":[{"href":"https:\/\/www.caririemacao.com\/1\/wp-json\/wp\/v2\/posts"}],"about":[{"href":"https:\/\/www.caririemacao.com\/1\/wp-json\/wp\/v2\/types\/post"}],"author":[{"embeddable":true,"href":"https:\/\/www.caririemacao.com\/1\/wp-json\/wp\/v2\/users\/1"}],"replies":[{"embeddable":true,"href":"https:\/\/www.caririemacao.com\/1\/wp-json\/wp\/v2\/comments?post=138150"}],"version-history":[{"count":3,"href":"https:\/\/www.caririemacao.com\/1\/wp-json\/wp\/v2\/posts\/138150\/revisions"}],"predecessor-version":[{"id":138382,"href":"https:\/\/www.caririemacao.com\/1\/wp-json\/wp\/v2\/posts\/138150\/revisions\/138382"}],"wp:featuredmedia":[{"embeddable":true,"href":"https:\/\/www.caririemacao.com\/1\/wp-json\/wp\/v2\/media\/138152"}],"wp:attachment":[{"href":"https:\/\/www.caririemacao.com\/1\/wp-json\/wp\/v2\/media?parent=138150"}],"wp:term":[{"taxonomy":"category","embeddable":true,"href":"https:\/\/www.caririemacao.com\/1\/wp-json\/wp\/v2\/categories?post=138150"},{"taxonomy":"post_tag","embeddable":true,"href":"https:\/\/www.caririemacao.com\/1\/wp-json\/wp\/v2\/tags?post=138150"}],"curies":[{"name":"wp","href":"https:\/\/api.w.org\/{rel}","templated":true}]}}