{"id":138156,"date":"2019-11-27T09:43:55","date_gmt":"2019-11-27T12:43:55","guid":{"rendered":"http:\/\/www.caririemacao.com\/1\/?p=138156"},"modified":"2019-11-27T09:43:55","modified_gmt":"2019-11-27T12:43:55","slug":"corpo-de-gugu-liberato-chega-ao-brasil-na-quinta-e-segue-para-ser-velado-em-sp","status":"publish","type":"post","link":"https:\/\/www.caririemacao.com\/1\/2019\/11\/27\/corpo-de-gugu-liberato-chega-ao-brasil-na-quinta-e-segue-para-ser-velado-em-sp\/","title":{"rendered":"Corpo de Gugu Liberato chega ao Brasil na quinta e segue para ser velado em SP"},"content":{"rendered":"\n<p>&nbsp;O vel\u00f3rio de Gugu Liberato ser\u00e1 realizado nesta quinta-feira (28), na Alesp (Assembleia Legislativa do Estado de S\u00e3o Paulo), confirmou na noite desta ter\u00e7a-feira (26) a assessoria do apresentador.&nbsp;<\/p>\n\n\n\n<p>Segundo nota, o vel\u00f3rio, aberto ao p\u00fablico, deve ter in\u00edcio por volta do meio-dia e se estender\u00e1 at\u00e9 \u00e0s 10h de sexta-feira (29), quando o corpo seguir\u00e1 em carro de bombeiros para o Cemit\u00e9rio Geths\u00eamani, no Morumbi, onde ser\u00e1 sepultado no jazigo da fam\u00edlia.<\/p>\n\n\n\n<p>A assessoria informou tamb\u00e9m que o corpo do apresentador j\u00e1 foi preparado para translado e ficar\u00e1 na funer\u00e1ria at\u00e9 esta quarta-feira (27) \u00e0 tarde. De l\u00e1 seguir\u00e1 para o aeroporto internacional de Orlando, nos Estados Unidos, de onde embarcar\u00e1 para o Brasil em voo noturno. A chegada ser\u00e1 no aeroporto de Viracopos, em Campinas, \u00e0s 6h05 de quinta-feira (28). Os familiares do apresentador v\u00e3o viajar no mesmo voo.<\/p>\n\n\n\n<p>Ap\u00f3s cumprir todos os tr\u00e2mites legais, o caix\u00e3o seguir\u00e1 para a Alesp em carro funer\u00e1rio fechado, com vidros escuros. Na Assembleia, o vel\u00f3rio ser\u00e1 realizado no sal\u00e3o principal.&nbsp;<\/p>\n\n\n\n<p>A assessoria e a fam\u00edlia pediram privacidade durante o trajeto de Campinas at\u00e9 S\u00e3o Paulo.&nbsp;<\/p>\n\n\n\n<p><strong>MORTE TR\u00c1GICA<\/strong><\/p>\n\n\n\n<p>O apresentador Gugu Liberato, 60, teve a morte confirmada na noite da \u00faltima sexta-feira (22) ap\u00f3s ele passar dois dias internado em um hospital de Orlando em decorr\u00eancia de uma queda sofrida em casa. Ele despencou de uma altura de quatro metros, quando fazia um reparo no ar-condicionado instalado no s\u00f3t\u00e3o.&nbsp;<\/p>\n\n\n\n<p>Cerca de duas semanas antes do acidente, Gugu foi dado como morto pela rede social da pr\u00f3pria emissora, a Record. Na ocasi\u00e3o, ele teve de ir a p\u00fablico confirmar que estava bem. &#8220;Pessoal, algu\u00e9m publicou que eu tive um infarto. \u00c9 fake, t\u00e1? Estou muito bem, obrigado&#8221;, escreveu ele em seu Twitter.&nbsp;<\/p>\n\n\n\n<p>Ap\u00f3s a queda sofrida em sua casa, os m\u00e9dicos constaram que o apresentador n\u00e3o apresentava mais atividade cerebral, segundo a nota de falecimento, que n\u00e3o especifica a data exata da morte. Os familiares ent\u00e3o autorizaram a doa\u00e7\u00e3o de todos os seus \u00f3rg\u00e3os, o que poderia beneficiar at\u00e9 50 pessoas.&nbsp;<\/p>\n\n\n\n<p>O presidente Jair Bolsonaro (PSL) lamentou a morte do apresentador em suas redes sociais: &#8220;O pa\u00eds perde um dos maiores nomes da comunica\u00e7\u00e3o televisiva, que por d\u00e9cadas levou informa\u00e7\u00e3o e alegria aos lares brasileiros. Que Deus o receba de bra\u00e7os abertos e conforte os cora\u00e7\u00f5es de todos&#8221;, disse a mensagem.&nbsp;<\/p>\n\n\n\n<p>J\u00e1 o governador de S\u00e3o Paulo, Jo\u00e3o Doria (PSDB), decretou luto de tr\u00eas dias em raz\u00e3o da morte do apresentador, que ele classificou como &#8220;um de seus principais comunicadores&#8221;: &#8220;O Brasil perde um talento&#8221;, afirmou em nota. J\u00e1 a Assembleia Legislativa ofereceu o sal\u00e3o nobre para a realiza\u00e7\u00e3o do vel\u00f3rio.&nbsp;<\/p>\n\n\n\n<p>Gugu Liberato deixa a mulher, Rose Miriam, e tr\u00eas filhos: Jo\u00e3o Augusto, de 17 anos, e as g\u00eameas Marina e Sofia.<br><\/p>\n\n\n\n<p><strong>TRAJET\u00d3RIA&nbsp;<\/strong><\/p>\n\n\n\n<p>Gugu, que come\u00e7ou a trabalhar como office-boy em uma imobili\u00e1ria em S\u00e3o Paulo, teve uma carreira repleta de sucessos e pol\u00eamicas, que incluem desde a famosa Banheira do Gugu at\u00e9 uma entrevista com supostos membros do PCC que faziam amea\u00e7as a pol\u00edticos e jornalistas \u2013desmentida pela pr\u00f3pria fac\u00e7\u00e3o.&nbsp;<\/p>\n\n\n\n<p>Ele contou ao Folha de S.Paulo na d\u00e9cada de 1990 que chegou a mandar cartas para Silvio Santos, com ideias e sugest\u00f5es para os programas dele, at\u00e9 que foi chamado. Silvio resolveu dar uma chance ao menino, na \u00e9poca com apenas 14 anos, contratando-o como assistente de produ\u00e7\u00e3o, quando o apresentador ainda estava na Globo.&nbsp;<\/p>\n\n\n\n<p>Ao conseguir a concess\u00e3o que daria origem ao SBT, Silvio deu a oportunidade de apresentador a Gugu. Passou pelo &#8220;Viva a Noite&#8221;, &#8220;Passa ou Repassa&#8221;, &#8220;Sabad\u00e3o Sertanejo&#8221; e &#8220;Domingo Legal&#8221;, onde se consolidou, chegando a mudar de hor\u00e1rio para competir diretamente com o &#8220;Doming\u00e3o do Faust\u00e3o&#8221; (Globo), at\u00e9 ent\u00e3o l\u00edder no hor\u00e1rio.&nbsp;<\/p>\n\n\n\n<p>Gugu estreou na Record em 2009, onde hoje apresentava os realities &#8220;Power Couple Brasil&#8221; e &#8220;Canta Comigo&#8221;. Esse \u00faltimo est\u00e1 hoje na reta final da segunda temporada. Segundo a Record, o apresentador chegou a gravar a final, prevista at\u00e9 ent\u00e3o para ir ao ar dia 4 de dezembro.<\/p>\n\n\n\n<p>Gugu tamb\u00e9m foi o respons\u00e1vel por alavancar a carreira de algumas boy bands famosas dos anos 1980 e 1990. Entre elas, o Domin\u00f3, que estourou em 1984 com Afonso Nigro, Nill, Marcos Quintela e Marcelo Rodrigues, e o Polegar, que tinha entre os membros o cantor Rafael Ilha, que virou celebridade ainda crian\u00e7a.&nbsp;<\/p>\n\n\n\n<p><strong>REPERCUSS\u00c3O<\/strong><\/p>\n\n\n\n<p>Ana Maria Braga, Xuxa, Ana Hickmann, F\u00e1tima Bernardes, Luan Santana e outros famosos lamentaram a morte de Gugu. &#8220;Triste como amigo, triste como admirador, triste como colega, triste como telespectador. O Brasil perde um comunicador que enxergava na televis\u00e3o uma ferramenta poderosa para falar com o povo&#8221;, afirmou Luciano Huck.&nbsp;<\/p>\n\n\n\n<p>Faust\u00e3o aproveitou para esclarecer que nunca houve rivalidade com o colega: &#8220;Embora n\u00e3o tiv\u00e9ssemos amizade, sempre tivemos uma rela\u00e7\u00e3o muito cordial e educada. N\u00f3s, que disputamos a audi\u00eancia por muitos anos, fomos advers\u00e1rios, mas jamais inimigos. Aqui, da galera do Doming\u00e3o, uma homenagem a Augusto Liberato, que foi uma das figuras mais importantes da hist\u00f3ria da televis\u00e3o no Brasil&#8221;.&nbsp;<\/p>\n\n\n\n<p>J\u00e1 o colega de emissora Rodrigo Faro fez uma edi\u00e7\u00e3o emocionada do programa &#8220;A Hora do Faro&#8221; no \u00faltimo domingo (24), mas acabou cometendo uma gafe, ao perguntar se a audi\u00eancia estava boa, sem perceber que estava sendo gravado. Alguns internautas se revoltaram e o acusaram de &#8220;amigo da on\u00e7a&#8221; nas redes sociais.&nbsp;<\/p>\n","protected":false},"excerpt":{"rendered":"<p>&nbsp;O vel\u00f3rio de Gugu Liberato ser\u00e1 realizado nesta quinta-feira (28), na Alesp (Assembleia Legislativa do Estado de S\u00e3o Paulo), confirmou na noite desta ter\u00e7a-feira (26)&hellip; <\/p>\n","protected":false},"author":1,"featured_media":137397,"comment_status":"closed","ping_status":"closed","sticky":false,"template":"","format":"standard","meta":{"sfsi_plus_gutenberg_text_before_share":"","sfsi_plus_gutenberg_show_text_before_share":"","sfsi_plus_gutenberg_icon_type":"","sfsi_plus_gutenberg_icon_alignemt":"","sfsi_plus_gutenburg_max_per_row":"","footnotes":""},"categories":[2],"tags":[],"class_list":["post-138156","post","type-post","status-publish","format-standard","has-post-thumbnail","hentry","category-geral"],"_links":{"self":[{"href":"https:\/\/www.caririemacao.com\/1\/wp-json\/wp\/v2\/posts\/138156","targetHints":{"allow":["GET"]}}],"collection":[{"href":"https:\/\/www.caririemacao.com\/1\/wp-json\/wp\/v2\/posts"}],"about":[{"href":"https:\/\/www.caririemacao.com\/1\/wp-json\/wp\/v2\/types\/post"}],"author":[{"embeddable":true,"href":"https:\/\/www.caririemacao.com\/1\/wp-json\/wp\/v2\/users\/1"}],"replies":[{"embeddable":true,"href":"https:\/\/www.caririemacao.com\/1\/wp-json\/wp\/v2\/comments?post=138156"}],"version-history":[{"count":1,"href":"https:\/\/www.caririemacao.com\/1\/wp-json\/wp\/v2\/posts\/138156\/revisions"}],"predecessor-version":[{"id":138158,"href":"https:\/\/www.caririemacao.com\/1\/wp-json\/wp\/v2\/posts\/138156\/revisions\/138158"}],"wp:featuredmedia":[{"embeddable":true,"href":"https:\/\/www.caririemacao.com\/1\/wp-json\/wp\/v2\/media\/137397"}],"wp:attachment":[{"href":"https:\/\/www.caririemacao.com\/1\/wp-json\/wp\/v2\/media?parent=138156"}],"wp:term":[{"taxonomy":"category","embeddable":true,"href":"https:\/\/www.caririemacao.com\/1\/wp-json\/wp\/v2\/categories?post=138156"},{"taxonomy":"post_tag","embeddable":true,"href":"https:\/\/www.caririemacao.com\/1\/wp-json\/wp\/v2\/tags?post=138156"}],"curies":[{"name":"wp","href":"https:\/\/api.w.org\/{rel}","templated":true}]}}