{"id":138160,"date":"2019-11-27T09:46:06","date_gmt":"2019-11-27T12:46:06","guid":{"rendered":"http:\/\/www.caririemacao.com\/1\/?p=138160"},"modified":"2019-11-27T09:46:06","modified_gmt":"2019-11-27T12:46:06","slug":"sinregas-diz-que-preco-do-gas-de-cozinha-deve-sofrer-reajuste-e-podera-ser-vendido-por-ate-r-78","status":"publish","type":"post","link":"https:\/\/www.caririemacao.com\/1\/2019\/11\/27\/sinregas-diz-que-preco-do-gas-de-cozinha-deve-sofrer-reajuste-e-podera-ser-vendido-por-ate-r-78\/","title":{"rendered":"Sinreg\u00e1s diz que pre\u00e7o do g\u00e1s de cozinha deve sofrer reajuste e poder\u00e1 ser vendido por at\u00e9 R$ 78"},"content":{"rendered":"\n<p>O&nbsp;presidente do Sindicato dos Revendedores de G\u00e1s de Cozinha da Para\u00edba (Sinreg\u00e1s), Marcos Ant\u00f4nio Bezerra informou que o&nbsp;pre\u00e7o do g\u00e1s de cozinha deve sofrer um aumento de at\u00e9 R$ 3 e&nbsp;ser\u00e1 vendido de R$ 73 at\u00e9 R$ 78, a partir desta quarta-feira (27).<\/p>\n\n\n\n<p>No caso do&nbsp;g\u00e1s de cozinha residencial (GLP), haver\u00e1 um aumento de&nbsp;4% nas distribuidoras. J\u00e1 o GLP industrial e comercial 2,5%.<\/p>\n\n\n\n<p>O an\u00fancio do aumento foi feito pelo Sindicato Nacional das Empresas Distribuidoras de G\u00e1s Liquefeito de Petr\u00f3leo (Sindig\u00e1s) e confirmado pela Petrobras na \u00faltima segunda-feira (25).<\/p>\n\n\n\n<p>Segundo Marcos Ant\u00f4nio, o valor do produto j\u00e1 subiu, pelo menos, 10 vezes neste ano, mas em algumas delas, a mudan\u00e7a n\u00e3o foi passada para o consumidor final.<\/p>\n","protected":false},"excerpt":{"rendered":"<p>O&nbsp;presidente do Sindicato dos Revendedores de G\u00e1s de Cozinha da Para\u00edba (Sinreg\u00e1s), Marcos Ant\u00f4nio Bezerra informou que o&nbsp;pre\u00e7o do g\u00e1s de cozinha deve sofrer um&hellip; <\/p>\n","protected":false},"author":1,"featured_media":83344,"comment_status":"closed","ping_status":"closed","sticky":false,"template":"","format":"standard","meta":{"sfsi_plus_gutenberg_text_before_share":"","sfsi_plus_gutenberg_show_text_before_share":"","sfsi_plus_gutenberg_icon_type":"","sfsi_plus_gutenberg_icon_alignemt":"","sfsi_plus_gutenburg_max_per_row":"","footnotes":""},"categories":[2],"tags":[],"class_list":["post-138160","post","type-post","status-publish","format-standard","has-post-thumbnail","hentry","category-geral"],"_links":{"self":[{"href":"https:\/\/www.caririemacao.com\/1\/wp-json\/wp\/v2\/posts\/138160","targetHints":{"allow":["GET"]}}],"collection":[{"href":"https:\/\/www.caririemacao.com\/1\/wp-json\/wp\/v2\/posts"}],"about":[{"href":"https:\/\/www.caririemacao.com\/1\/wp-json\/wp\/v2\/types\/post"}],"author":[{"embeddable":true,"href":"https:\/\/www.caririemacao.com\/1\/wp-json\/wp\/v2\/users\/1"}],"replies":[{"embeddable":true,"href":"https:\/\/www.caririemacao.com\/1\/wp-json\/wp\/v2\/comments?post=138160"}],"version-history":[{"count":1,"href":"https:\/\/www.caririemacao.com\/1\/wp-json\/wp\/v2\/posts\/138160\/revisions"}],"predecessor-version":[{"id":138161,"href":"https:\/\/www.caririemacao.com\/1\/wp-json\/wp\/v2\/posts\/138160\/revisions\/138161"}],"wp:featuredmedia":[{"embeddable":true,"href":"https:\/\/www.caririemacao.com\/1\/wp-json\/wp\/v2\/media\/83344"}],"wp:attachment":[{"href":"https:\/\/www.caririemacao.com\/1\/wp-json\/wp\/v2\/media?parent=138160"}],"wp:term":[{"taxonomy":"category","embeddable":true,"href":"https:\/\/www.caririemacao.com\/1\/wp-json\/wp\/v2\/categories?post=138160"},{"taxonomy":"post_tag","embeddable":true,"href":"https:\/\/www.caririemacao.com\/1\/wp-json\/wp\/v2\/tags?post=138160"}],"curies":[{"name":"wp","href":"https:\/\/api.w.org\/{rel}","templated":true}]}}