{"id":138164,"date":"2019-11-27T09:50:11","date_gmt":"2019-11-27T12:50:11","guid":{"rendered":"http:\/\/www.caririemacao.com\/1\/?p=138164"},"modified":"2019-11-27T09:50:11","modified_gmt":"2019-11-27T12:50:11","slug":"stf-retoma-hoje-julgamento-sobre-compartilhamento-de-dados-da-receita","status":"publish","type":"post","link":"https:\/\/www.caririemacao.com\/1\/2019\/11\/27\/stf-retoma-hoje-julgamento-sobre-compartilhamento-de-dados-da-receita\/","title":{"rendered":"STF retoma hoje julgamento sobre compartilhamento de dados da Receita"},"content":{"rendered":"\n<p>O plen\u00e1rio do Supremo Tribunal Federal (STF) retoma nesta quarta-feira (27), a partir das 14h, com a declara\u00e7\u00e3o de voto do ministro Edson Fachin, o julgamento do recurso extraordin\u00e1rio, que trata do compartilhamento de dados financeiros pelos \u00f3rg\u00e3os de controle com o Minist\u00e9rio P\u00fablico e autoridades policiais sem pr\u00e9via autoriza\u00e7\u00e3o judicial. O recurso come\u00e7ou a ser julgado na semana passada e, at\u00e9 agora, votaram o relator, ministro Dias Toffoli, presidente do STF, e o ministro Alexandre de Moraes.<\/p>\n\n\n\n<p>Em seu voto, Toffoli disse que o MP s\u00f3 pode ter acesso a dados globais de supostos il\u00edcitos, sem documentos que possam quebrar o sigilo das informa\u00e7\u00f5es. No entendimento do ministro, o Minist\u00e9rio P\u00fablico (MP) n\u00e3o pode requisitar \u00e0 Unidade de Intelig\u00eancia Financeira (UIF), antigo Conselho de Controle de Atividades Financeiras \u2013 Coaf, relat\u00f3rios de intelig\u00eancia financeira (RIFs) &#8220;por encomenda&#8221;, sem que nunca tenha recebido um alerta dos \u00f3rg\u00e3os de controle para verificar se &#8220;tem algo contra fulano&#8221;.<\/p>\n\n\n\n<figure class=\"wp-block-image\"><img decoding=\"async\" data-src=\"http:\/\/imagens.ebc.com.br\/Ul1aZV9DN2pOObOlfZRPvWQv3AE=\/754x0\/smart\/http:\/\/agenciabrasil.ebc.com.br\/sites\/default\/files\/thumbnails\/image\/fcpzzb_abr_2111198520.jpg?itok=h7YHefFW\" alt=\"STF julga limite para compartilhamento de dados fiscais\" src=\"data:image\/svg+xml;base64,PHN2ZyB3aWR0aD0iMSIgaGVpZ2h0PSIxIiB4bWxucz0iaHR0cDovL3d3dy53My5vcmcvMjAwMC9zdmciPjwvc3ZnPg==\" class=\"lazyload\" \/><\/figure>\n\n\n\n<h6 class=\"wp-block-heading\"><em>STF retoma julgamento sobre compartilhamento de dados fiscais &#8211;&nbsp;<strong>Fabio Rodrigues Pozzebom\/Ag\u00eancia Brasil<\/strong><\/em><\/h6>\n\n\n\n<p>Da mesma forma, a Receita Feeral n\u00e3o pode repassar extratos banc\u00e1rios e declara\u00e7\u00f5es de imposto de renda aos procuradores sem decis\u00e3o judicial autorizando a quebra de sigilo fiscal.<\/p>\n\n\n\n<p>As informa\u00e7\u00f5es financeiras s\u00e3o usadas pelo MP e pela pol\u00edcia para investigar casos de corrup\u00e7\u00e3o, lavagem de dinheiro, tr\u00e1fico de drogas e movimenta\u00e7\u00f5es financeiras de organiza\u00e7\u00f5es criminosas.<\/p>\n\n\n\n<p>O ministro Alexandre de Moraes votou a favor da validade do compartilhamento de dados financeiros da Unidade de Intelig\u00eancia Financeira (UIF), do Banco Central, e da Receita Federal com o Minist\u00e9rio P\u00fablico sem autoriza\u00e7\u00e3o judicial.<\/p>\n\n\n\n<p>O ministro divergiu parcialmente de Dias Toffoli e disse que a Receita pode repassar todos os dados ao Minist\u00e9rio P\u00fablico, e que a UIF pode enviar dados espontaneamente ou a pedido dos procuradores.<\/p>\n\n\n\n<p>Moraes afirmou que garantias constitucionais de sigilos banc\u00e1rio e fiscal, assim como qualquer outro direito, n\u00e3o devem ser tidas como absolutas e \u201cn\u00e3o podem servir como escudo protetivo para a pr\u00e1tica de atividades il\u00edcitas\u201d.<\/p>\n\n\n\n<p>Ap\u00f3s o voto de Moraes, o julgamento foi suspenso e marcado para ser retomado nesta quarta-feira.<\/p>\n\n\n\n<h2 class=\"wp-block-heading\">Entenda<\/h2>\n\n\n\n<p>Hoje, a praxe \u00e9 que \u00f3rg\u00e3os de controle como a Receita Federal e a Unidade de Intelig\u00eancia Financeira (UIF) enviem ao Minist\u00e9rio P\u00fablico Federal (MPF) relat\u00f3rios sobre movimenta\u00e7\u00f5es at\u00edpicas, que podem indicar atividade il\u00edcita.<\/p>\n\n\n\n<p>No caso concreto, os ministros julgam o recurso do MPF contra a anula\u00e7\u00e3o, pela segunda inst\u00e2ncia da Justi\u00e7a, de uma condena\u00e7\u00e3o por sonega\u00e7\u00e3o fiscal do dono de um posto de gasolina em S\u00e3o Paulo. A investiga\u00e7\u00e3o teve in\u00edcio em um relat\u00f3rio do Fisco repassado diretamente aos procuradores.<\/p>\n\n\n\n<p>O Supremo j\u00e1 reconheceu a exist\u00eancia de jurisprud\u00eancia sobre o caso, que ter\u00e1 repercuss\u00e3o geral. Isso significa que, ao final do julgamento, ser\u00e1 firmada tese a ser seguida por todos os tribunais do pa\u00eds em processos do tipo.<\/p>\n","protected":false},"excerpt":{"rendered":"<p>O plen\u00e1rio do Supremo Tribunal Federal (STF) retoma nesta quarta-feira (27), a partir das 14h, com a declara\u00e7\u00e3o de voto do ministro Edson Fachin, o&hellip; <\/p>\n","protected":false},"author":1,"featured_media":125647,"comment_status":"closed","ping_status":"closed","sticky":false,"template":"","format":"standard","meta":{"sfsi_plus_gutenberg_text_before_share":"","sfsi_plus_gutenberg_show_text_before_share":"","sfsi_plus_gutenberg_icon_type":"","sfsi_plus_gutenberg_icon_alignemt":"","sfsi_plus_gutenburg_max_per_row":"","footnotes":""},"categories":[2],"tags":[],"class_list":["post-138164","post","type-post","status-publish","format-standard","has-post-thumbnail","hentry","category-geral"],"_links":{"self":[{"href":"https:\/\/www.caririemacao.com\/1\/wp-json\/wp\/v2\/posts\/138164","targetHints":{"allow":["GET"]}}],"collection":[{"href":"https:\/\/www.caririemacao.com\/1\/wp-json\/wp\/v2\/posts"}],"about":[{"href":"https:\/\/www.caririemacao.com\/1\/wp-json\/wp\/v2\/types\/post"}],"author":[{"embeddable":true,"href":"https:\/\/www.caririemacao.com\/1\/wp-json\/wp\/v2\/users\/1"}],"replies":[{"embeddable":true,"href":"https:\/\/www.caririemacao.com\/1\/wp-json\/wp\/v2\/comments?post=138164"}],"version-history":[{"count":1,"href":"https:\/\/www.caririemacao.com\/1\/wp-json\/wp\/v2\/posts\/138164\/revisions"}],"predecessor-version":[{"id":138165,"href":"https:\/\/www.caririemacao.com\/1\/wp-json\/wp\/v2\/posts\/138164\/revisions\/138165"}],"wp:featuredmedia":[{"embeddable":true,"href":"https:\/\/www.caririemacao.com\/1\/wp-json\/wp\/v2\/media\/125647"}],"wp:attachment":[{"href":"https:\/\/www.caririemacao.com\/1\/wp-json\/wp\/v2\/media?parent=138164"}],"wp:term":[{"taxonomy":"category","embeddable":true,"href":"https:\/\/www.caririemacao.com\/1\/wp-json\/wp\/v2\/categories?post=138164"},{"taxonomy":"post_tag","embeddable":true,"href":"https:\/\/www.caririemacao.com\/1\/wp-json\/wp\/v2\/tags?post=138164"}],"curies":[{"name":"wp","href":"https:\/\/api.w.org\/{rel}","templated":true}]}}