{"id":138176,"date":"2019-11-27T11:04:19","date_gmt":"2019-11-27T14:04:19","guid":{"rendered":"http:\/\/www.caririemacao.com\/1\/?p=138176"},"modified":"2019-11-27T11:04:19","modified_gmt":"2019-11-27T14:04:19","slug":"policia-militar-anuncia-concurso-publico-com-160-vagas-para-cfo-2019-2020","status":"publish","type":"post","link":"https:\/\/www.caririemacao.com\/1\/2019\/11\/27\/policia-militar-anuncia-concurso-publico-com-160-vagas-para-cfo-2019-2020\/","title":{"rendered":"Pol\u00edcia Militar anuncia concurso p\u00fablico com 160 vagas para CFO 2019\/2020"},"content":{"rendered":"\n<p>A Pol\u00edcia Militar de Minas Gerais vai abrir um novo edital de concurso p\u00fablico para o Curso de Forma\u00e7\u00e3o de Oficiais (CFO 2019\/2020). O documento autorizativo foi publicado no Di\u00e1rio Oficial do Estado desta ter\u00e7a-feira (26), e o&nbsp;edital vai contar, ao todo, com 160 vagas.<\/p>\n\n\n\n<p>Do quantitativo de vagas do concurso, 10% ser\u00e3o destinadas ao sexo feminino. O curso de forma\u00e7\u00e3o est\u00e1 previsto para acontecer nos meses de agosto e dezembro de 2020, respectivamente.<\/p>\n\n\n\n<p>Para concorrer a uma das vagas no curso de Forma\u00e7\u00e3o de Oficiais da Pol\u00edcia Militar de Minas Gerais, o candidato dever\u00e1:&nbsp; a) ser brasileiro nato; b) possuir t\u00edtulo de bacharel em Direito, obtido em estabelecimento reconhecido pelo sistema de ensino federal, estadual ou do Distrito Federal; c) estar quite com as obriga\u00e7\u00f5es eleitorais e militares; d) ter entre 18 (dezoito) e 30 (trinta) anos de idade na data da inclus\u00e3o, prevista para o dia 26 de agosto de 2019; e) possuir idoneidade moral; f) ter altura m\u00ednima de 1,60m (um metro e sessenta cent\u00edmetros);&nbsp; g) ter sanidade f\u00edsica e mental; h) ter aptid\u00e3o f\u00edsica; i) ser aprovado em avalia\u00e7\u00e3o psicol\u00f3gica; j) n\u00e3o apresentar, quando em uso dos diversos uniformes, tatuagem vis\u00edvel que seja, por seu significado, incompat\u00edvel com o exerc\u00edcio das atividades de policial militar; k) n\u00e3o ter sido demitido da PMMG, de outra institui\u00e7\u00e3o militar estadual ou das For\u00e7as Armadas; n\u00e3o ter dado baixa no conceito \u201cC\u201d nos termos do C\u00f3digo de \u00c9tica e Disciplina dos Militares do Estado de Minas Gerais; n\u00e3o ter sido exonerado ou demitido da PMMG ou do Corpo de Bombeiros Militares de Minas Gerais com base no art. 146, incisos II, III, IV ou V, letra \u201ca\u201d e \u201ccaput\u201d do art. 147, da Lei n\u00ba 5.301\/1969.<\/p>\n\n\n\n<p>A remunera\u00e7\u00e3o b\u00e1sica inicial para o Cadete do primeiro ano do Curso de Forma\u00e7\u00e3o de Oficiais \u00e9 de R$ 5.769,42 (cinco mil, setecentos e sessenta e nove reais e quarenta e dois centavos). O Cadete far\u00e1 jus, durante o per\u00edodo do curso, \u00e0 remunera\u00e7\u00e3o, abono fardamento, assist\u00eancia m\u00e9dico-hospitalar, psicol\u00f3gica e odontol\u00f3gica, conforme legisla\u00e7\u00e3o em vigor.<br><\/p>\n\n\n\n<p>O concurso da Pol\u00edcia Militar de Minas Gerais Oficiais deve contar, conforme \u00faltimo edital, com duas fases. A primeira fase conta com provas de conhecimentos (objetiva e dissertativa) e a segunda fase com avalia\u00e7\u00f5es psicol\u00f3gicas, avalia\u00e7\u00e3o f\u00edsica militar (AFM) e exames de sa\u00fade (preliminares e complementares), exame toxicol\u00f3gico, prova oral e prova de t\u00edtulos.<\/p>\n","protected":false},"excerpt":{"rendered":"<p>A Pol\u00edcia Militar de Minas Gerais vai abrir um novo edital de concurso p\u00fablico para o Curso de Forma\u00e7\u00e3o de Oficiais (CFO 2019\/2020). O documento&hellip; <\/p>\n","protected":false},"author":1,"featured_media":132901,"comment_status":"closed","ping_status":"closed","sticky":false,"template":"","format":"standard","meta":{"sfsi_plus_gutenberg_text_before_share":"","sfsi_plus_gutenberg_show_text_before_share":"","sfsi_plus_gutenberg_icon_type":"","sfsi_plus_gutenberg_icon_alignemt":"","sfsi_plus_gutenburg_max_per_row":"","footnotes":""},"categories":[2],"tags":[],"class_list":["post-138176","post","type-post","status-publish","format-standard","has-post-thumbnail","hentry","category-geral"],"_links":{"self":[{"href":"https:\/\/www.caririemacao.com\/1\/wp-json\/wp\/v2\/posts\/138176","targetHints":{"allow":["GET"]}}],"collection":[{"href":"https:\/\/www.caririemacao.com\/1\/wp-json\/wp\/v2\/posts"}],"about":[{"href":"https:\/\/www.caririemacao.com\/1\/wp-json\/wp\/v2\/types\/post"}],"author":[{"embeddable":true,"href":"https:\/\/www.caririemacao.com\/1\/wp-json\/wp\/v2\/users\/1"}],"replies":[{"embeddable":true,"href":"https:\/\/www.caririemacao.com\/1\/wp-json\/wp\/v2\/comments?post=138176"}],"version-history":[{"count":1,"href":"https:\/\/www.caririemacao.com\/1\/wp-json\/wp\/v2\/posts\/138176\/revisions"}],"predecessor-version":[{"id":138177,"href":"https:\/\/www.caririemacao.com\/1\/wp-json\/wp\/v2\/posts\/138176\/revisions\/138177"}],"wp:featuredmedia":[{"embeddable":true,"href":"https:\/\/www.caririemacao.com\/1\/wp-json\/wp\/v2\/media\/132901"}],"wp:attachment":[{"href":"https:\/\/www.caririemacao.com\/1\/wp-json\/wp\/v2\/media?parent=138176"}],"wp:term":[{"taxonomy":"category","embeddable":true,"href":"https:\/\/www.caririemacao.com\/1\/wp-json\/wp\/v2\/categories?post=138176"},{"taxonomy":"post_tag","embeddable":true,"href":"https:\/\/www.caririemacao.com\/1\/wp-json\/wp\/v2\/tags?post=138176"}],"curies":[{"name":"wp","href":"https:\/\/api.w.org\/{rel}","templated":true}]}}