{"id":138186,"date":"2019-11-27T13:07:34","date_gmt":"2019-11-27T16:07:34","guid":{"rendered":"http:\/\/www.caririemacao.com\/1\/?p=138186"},"modified":"2019-11-27T13:07:34","modified_gmt":"2019-11-27T16:07:34","slug":"joao-azevedo-confirma-que-vai-sair-do-psb-e-diz-que-nao-e-dono-de-politica","status":"publish","type":"post","link":"https:\/\/www.caririemacao.com\/1\/2019\/11\/27\/joao-azevedo-confirma-que-vai-sair-do-psb-e-diz-que-nao-e-dono-de-politica\/","title":{"rendered":"Jo\u00e3o Azev\u00eado confirma que vai sair do PSB e diz que n\u00e3o \u00e9 &#8220;dono de pol\u00edtica&#8221;"},"content":{"rendered":"\n<p>O governador Jo\u00e3o Azev\u00eado confirmou a jornalistas na manh\u00e3 desta quarta-feira (27) que pretende mesmo deixar o PSB. &#8220;Parece que o PSB n\u00e3o tem muito interesse na minha perman\u00eancia&#8221;, disse. Ele afirmou ainda que at\u00e9 o fim do ano deve decidir o seu destino partid\u00e1rio.<\/p>\n\n\n\n<p>&#8220;A partir do problema que aconteceu na destitui\u00e7\u00e3o da executiva do PSB eu tenho recebido diversos convites de partidos, mas n\u00e3o \u00e9 meu foco. At\u00e9 o final do ano teremos essa defini\u00e7\u00e3o&#8221;, contou.&nbsp;<\/p>\n\n\n\n<p>Questionado sobre o coment\u00e1rio da deputada Estela Bezerra, que criticou a aus\u00eancia do governador na \u00faltima reuni\u00e3o p\u00fablica do PSB dizendo que se ele n\u00e3o quer permanecer no partido que &#8216;v\u00e1 com Deus&#8217;, Jo\u00e3o Azev\u00eado n\u00e3o quis subir o tom. &#8220;Que bom que \u00e9 com Deus, eu estou sempre com Deus&#8221;, disse, acrescentando que no dia da reuni\u00e3o estava participando da miss\u00e3o do Cons\u00f3rcio Nordeste na Europa. &#8220;Talvez ela n\u00e3o saiba que eu estava viajando&#8221;.<\/p>\n\n\n\n<p>Sobre qual partido deve receb\u00ea-lo quando deixar o PSB, Jo\u00e3o Azev\u00eado disse que pretende procurar uma sigla alinhada com o tipo de pol\u00edtica no qual ele acredita. Uma pol\u00edtica de &#8220;justi\u00e7a, de inclus\u00e3o social, em que o estado avance, que a riqueza possa ser distribu\u00edda entre o maior n\u00famero de pessoas&#8221;.<\/p>\n\n\n\n<p>Jo\u00e3o Azev\u00eado destacou que n\u00e3o \u00e9 adepto do personalismo e disse que tem gente que<br>quer ser propriet\u00e1rio das pol\u00edticas do governo.<\/p>\n\n\n\n<p>&#8220;O governo vem mantendo uma pol\u00edtica que foi implementada no estado h\u00e1 muito tempo e eu n\u00e3o abro m\u00e3o disso. Agora, eu n\u00e3o sou dono de pol\u00edtica, essa \u00e9 a grande diferen\u00e7a. Algumas pessoas querem ser propriet\u00e1rias da pol\u00edtica, e essa pol\u00edtica n\u00e3o foi constru\u00edda exclusivamente por uma \u00fanica pessoa. Essa pol\u00edtica e esse esfor\u00e7o todo que o estado tem produzido para melhorar a vida das pessoas foi em fun\u00e7\u00e3o do esfor\u00e7o gigantesco de um conjunto de pessoas muito grande&#8221;.<\/p>\n","protected":false},"excerpt":{"rendered":"<p>O governador Jo\u00e3o Azev\u00eado confirmou a jornalistas na manh\u00e3 desta quarta-feira (27) que pretende mesmo deixar o PSB. &#8220;Parece que o PSB n\u00e3o tem muito&hellip; <\/p>\n","protected":false},"author":1,"featured_media":119325,"comment_status":"closed","ping_status":"closed","sticky":false,"template":"","format":"standard","meta":{"sfsi_plus_gutenberg_text_before_share":"","sfsi_plus_gutenberg_show_text_before_share":"","sfsi_plus_gutenberg_icon_type":"","sfsi_plus_gutenberg_icon_alignemt":"","sfsi_plus_gutenburg_max_per_row":"","footnotes":""},"categories":[11],"tags":[],"class_list":["post-138186","post","type-post","status-publish","format-standard","has-post-thumbnail","hentry","category-politica"],"_links":{"self":[{"href":"https:\/\/www.caririemacao.com\/1\/wp-json\/wp\/v2\/posts\/138186","targetHints":{"allow":["GET"]}}],"collection":[{"href":"https:\/\/www.caririemacao.com\/1\/wp-json\/wp\/v2\/posts"}],"about":[{"href":"https:\/\/www.caririemacao.com\/1\/wp-json\/wp\/v2\/types\/post"}],"author":[{"embeddable":true,"href":"https:\/\/www.caririemacao.com\/1\/wp-json\/wp\/v2\/users\/1"}],"replies":[{"embeddable":true,"href":"https:\/\/www.caririemacao.com\/1\/wp-json\/wp\/v2\/comments?post=138186"}],"version-history":[{"count":1,"href":"https:\/\/www.caririemacao.com\/1\/wp-json\/wp\/v2\/posts\/138186\/revisions"}],"predecessor-version":[{"id":138187,"href":"https:\/\/www.caririemacao.com\/1\/wp-json\/wp\/v2\/posts\/138186\/revisions\/138187"}],"wp:featuredmedia":[{"embeddable":true,"href":"https:\/\/www.caririemacao.com\/1\/wp-json\/wp\/v2\/media\/119325"}],"wp:attachment":[{"href":"https:\/\/www.caririemacao.com\/1\/wp-json\/wp\/v2\/media?parent=138186"}],"wp:term":[{"taxonomy":"category","embeddable":true,"href":"https:\/\/www.caririemacao.com\/1\/wp-json\/wp\/v2\/categories?post=138186"},{"taxonomy":"post_tag","embeddable":true,"href":"https:\/\/www.caririemacao.com\/1\/wp-json\/wp\/v2\/tags?post=138186"}],"curies":[{"name":"wp","href":"https:\/\/api.w.org\/{rel}","templated":true}]}}