{"id":138198,"date":"2019-11-27T13:12:49","date_gmt":"2019-11-27T16:12:49","guid":{"rendered":"http:\/\/www.caririemacao.com\/1\/?p=138198"},"modified":"2019-11-27T13:12:49","modified_gmt":"2019-11-27T16:12:49","slug":"petrobras-reajusta-preco-da-gasolina-em-4-nas-refinarias","status":"publish","type":"post","link":"https:\/\/www.caririemacao.com\/1\/2019\/11\/27\/petrobras-reajusta-preco-da-gasolina-em-4-nas-refinarias\/","title":{"rendered":"Petrobras reajusta pre\u00e7o da gasolina em 4% nas refinarias"},"content":{"rendered":"\n<p>&nbsp;A Petrobras reajustou nesta quarta-feira (27) o pre\u00e7o da gasolina em 4% em suas refinarias. Na semana passada, a empresa j\u00e1 havia aumentado o pre\u00e7o do combust\u00edvel em 2,8%.<\/p>\n\n\n\n<p>N\u00e3o houve reajuste no pre\u00e7o do \u00f3leo diesel. As informa\u00e7\u00f5es s\u00e3o da Ag\u00eancia Brasil.<br>O aumento vale para o combust\u00edvel vendido nas refinarias para os distribuidores, ou seja, os postos de gasolina. O valor final que o motorista pagar\u00e1 para abastecer o carro depender\u00e1 de cada posto.<\/p>\n\n\n\n<p>O reajuste ocorre em meio \u00e0 valoriza\u00e7\u00e3o do d\u00f3lar. Na v\u00e9spera, a cota\u00e7\u00e3o da moeda subiu 0,61%, a R$ 4,2410, novo recorde nominal do d\u00f3lar desde o Plano Real, uma dia ap\u00f3s o ministro da Economia, Paulo Guedes, ter normalizado a alta.<\/p>\n","protected":false},"excerpt":{"rendered":"<p>&nbsp;A Petrobras reajustou nesta quarta-feira (27) o pre\u00e7o da gasolina em 4% em suas refinarias. Na semana passada, a empresa j\u00e1 havia aumentado o pre\u00e7o&hellip; <\/p>\n","protected":false},"author":1,"featured_media":112247,"comment_status":"closed","ping_status":"closed","sticky":false,"template":"","format":"standard","meta":{"sfsi_plus_gutenberg_text_before_share":"","sfsi_plus_gutenberg_show_text_before_share":"","sfsi_plus_gutenberg_icon_type":"","sfsi_plus_gutenberg_icon_alignemt":"","sfsi_plus_gutenburg_max_per_row":"","footnotes":""},"categories":[2],"tags":[],"class_list":["post-138198","post","type-post","status-publish","format-standard","has-post-thumbnail","hentry","category-geral"],"_links":{"self":[{"href":"https:\/\/www.caririemacao.com\/1\/wp-json\/wp\/v2\/posts\/138198","targetHints":{"allow":["GET"]}}],"collection":[{"href":"https:\/\/www.caririemacao.com\/1\/wp-json\/wp\/v2\/posts"}],"about":[{"href":"https:\/\/www.caririemacao.com\/1\/wp-json\/wp\/v2\/types\/post"}],"author":[{"embeddable":true,"href":"https:\/\/www.caririemacao.com\/1\/wp-json\/wp\/v2\/users\/1"}],"replies":[{"embeddable":true,"href":"https:\/\/www.caririemacao.com\/1\/wp-json\/wp\/v2\/comments?post=138198"}],"version-history":[{"count":1,"href":"https:\/\/www.caririemacao.com\/1\/wp-json\/wp\/v2\/posts\/138198\/revisions"}],"predecessor-version":[{"id":138199,"href":"https:\/\/www.caririemacao.com\/1\/wp-json\/wp\/v2\/posts\/138198\/revisions\/138199"}],"wp:featuredmedia":[{"embeddable":true,"href":"https:\/\/www.caririemacao.com\/1\/wp-json\/wp\/v2\/media\/112247"}],"wp:attachment":[{"href":"https:\/\/www.caririemacao.com\/1\/wp-json\/wp\/v2\/media?parent=138198"}],"wp:term":[{"taxonomy":"category","embeddable":true,"href":"https:\/\/www.caririemacao.com\/1\/wp-json\/wp\/v2\/categories?post=138198"},{"taxonomy":"post_tag","embeddable":true,"href":"https:\/\/www.caririemacao.com\/1\/wp-json\/wp\/v2\/tags?post=138198"}],"curies":[{"name":"wp","href":"https:\/\/api.w.org\/{rel}","templated":true}]}}