{"id":138204,"date":"2019-11-27T13:15:12","date_gmt":"2019-11-27T16:15:12","guid":{"rendered":"http:\/\/www.caririemacao.com\/1\/?p=138204"},"modified":"2019-11-27T13:15:12","modified_gmt":"2019-11-27T16:15:12","slug":"lula-se-corrompeu-diz-mp-em-julgamento-em-2a-instancia-sobre-sitio-em-atibaia-defesa-diz-que-nao-ha-nenhuma-prova","status":"publish","type":"post","link":"https:\/\/www.caririemacao.com\/1\/2019\/11\/27\/lula-se-corrompeu-diz-mp-em-julgamento-em-2a-instancia-sobre-sitio-em-atibaia-defesa-diz-que-nao-ha-nenhuma-prova\/","title":{"rendered":"Lula se corrompeu&#8217;, diz MP em julgamento em 2\u00aa inst\u00e2ncia sobre s\u00edtio em Atibaia; defesa diz que &#8216;n\u00e3o h\u00e1 nenhuma prova&#8217;"},"content":{"rendered":"\n<p>No julgamento em segunda inst\u00e2ncia do ex-presidente Luiz In\u00e1cio Lula da Silva no caso do s\u00edtio de Atibaia nesta quarta-feira (27), o procurador que representa o Minist\u00e9rio P\u00fablico Federal (MPF) afirmou que est\u00e1 &#8220;plenamente comprovado&#8221; que &#8220;Lula se corrompeu&#8221;. Segundo a defesa do petista, no entanto, &#8220;n\u00e3o h\u00e1 nenhuma prova&#8221;.<\/p>\n\n\n\n<p>Lula foi condenado em primeira inst\u00e2ncia pela 13\u00aa Vara da Justi\u00e7a Federal do Paran\u00e1 a 12 anos e 11 meses de pris\u00e3o por corrup\u00e7\u00e3o passiva, corrup\u00e7\u00e3o ativa e lavagem de dinheiro. Ele \u00e9 acusado de ter se beneficiado com propinas de construtoras que teriam reformado e decorado um s\u00edtio em Atibaia usado pela fam\u00edlia dele.<\/p>\n\n\n\n<p>Nesta quarta-feira, o Tribunal Regional Federal da 4\u00aa Regi\u00e3o (TRF-4) come\u00e7ou a julgar recursos do ex-presidente petista e do MPF.<\/p>\n\n\n\n<p>A defesa do ex-presidente pede no processo a absolvi\u00e7\u00e3o de Lula alegando, entre outros motivos, n\u00e3o haver provas contra ele e acusando o ent\u00e3o juiz de primeira inst\u00e2ncia e atual ministro da Justi\u00e7a, Sergio Moro, de atuar sem imparcialidade. O Minist\u00e9rio P\u00fablico Federal, por outro lado, quer o aumento da pena do ex-presidente.<\/p>\n\n\n\n<p><strong>Representante do MPF<\/strong><br><\/p>\n\n\n\n<p>Em sua acusa\u00e7\u00e3o, o procurador regional da Rep\u00fablica da 4\u00aa Regi\u00e3o Maur\u00edcio Gotardo Gerum disse estar comprovado que houve crimes de corrup\u00e7\u00e3o em obras no s\u00edtio.<\/p>\n\n\n\n<p>\u201cO que temos aqui? Obras pagas por pessoas que se beneficiaram das gest\u00f5es do ex-presidente Lula [&#8230;] sem qualquer contesta\u00e7\u00e3o ou tentativa de pag\u00e1-las. E n\u00e3o h\u00e1 amizade que justifique o disp\u00eandio de R$ 150 mil reais sem a devida contabiliza\u00e7\u00e3o no caixa de propinas\u201d, disse.<\/p>\n\n\n\n<p>\u201cSempre houve essa preocupa\u00e7\u00e3o de se dissimular tanto a origem dos valores quanto o benefici\u00e1rio das benfeitorias, que \u00e9 o presidente Lula [&#8230;] Eu estou plenamente comprovado que Lula se corrompeu. Isso \u00e9 muito grave\u201d.<\/p>\n\n\n\n<p><strong>Advogado de defesa de Lula<\/strong><br><\/p>\n\n\n\n<p>O advogado de Lula, Cristiano Zanin, defendeu em sua argumenta\u00e7\u00e3o que seja considerada a nulidade total do processo e que seja reconhecida a inoc\u00eancia do petista. Ele tamb\u00e9m afirmou haver incompet\u00eancia da 13\u00aa Vara Federal do Paran\u00e1 para julgar o caso, criticou a atua\u00e7\u00e3o do MPF e disse haver falta de imparcialidade do ent\u00e3o juiz Sergio Moro, atual ministro da Justi\u00e7a.<\/p>\n\n\n\n<p>&#8220;N\u00e3o h\u00e1 nenhuma prova, nada, que possa demonstrar que Lula, no exerc\u00edcio do seu cargo, tenha solicitado ou recebido qualquer vantagem indevida enquanto presidente do pa\u00eds. N\u00e3o nomeou diretores da Petrobras e nem era sua fun\u00e7\u00e3o declarar a nulidade total ou, se ainda assim n\u00e3o for decidido, para que seja o apelante absolvido porque n\u00e3o praticou qualquer crime&#8221;, afirmou Zanin.<\/p>\n\n\n\n<p>&#8220;O que a acusa\u00e7\u00e3o fez foi simplesmente construir uma narrativa sem jamais ter apresentado qualquer elemento concreto que pudesse vincular as quest\u00f5es aqui discutidas, insisto, a supostos il\u00edcitos ocorridos na Petrobras.&#8221;<\/p>\n\n\n\n<p><strong>Den\u00fancia sobre s\u00edtio em Atibaia<\/strong><\/p>\n\n\n\n<p>No caso do julgamento desta quarta-feira, o MPF denunciou Lula por considerar que ele recebeu propina do Grupo Schain, por interm\u00e9dio de Jos\u00e9 Carlos Bumlai, e das empreiteiras OAS a Odebrecht.<\/p>\n\n\n\n<p>Parte dos pagamentos, segundo o MPF, foi feita por meio da reforma e da decora\u00e7\u00e3o no s\u00edtio Santa B\u00e1rbara, em Atibaia (SP), que o ex-presidente frequentava com a fam\u00edlia.<\/p>\n\n\n\n<p>Ao todo, os pagamentos de propina somariam R$ 128 milh\u00f5es da Odebrecht e outros R$ 27 milh\u00f5es da OAS.<\/p>\n\n\n\n<p>O valor gasto com a reforma do s\u00edtio foi de R$ 1,02 milh\u00e3o, de acordo com o MPF. Ainda segundo a den\u00fancia, R$ 870 mil foram repassados por OAS e Odebrecht, enquanto outros R$ 150 mil foram repassados pela Schain por interm\u00e9dio de Bumlai.<\/p>\n\n\n\n<p>Segundo o MPF, Lula ajudou as empreiteiras ao manter nos cargos os ex-executivos da Petrobras Renato Duque, Paulo Roberto Costa, Jorge Zelada, Nestor Cerver\u00f3 e Pedro Barusco, que comandaram boa parte dos esquemas fraudulentos descobertos pela Lava Jato entre empreiteiras e a estatal.<\/p>\n\n\n\n<p><strong>Outros r\u00e9us no processo<\/strong><\/p>\n\n\n\n<p>Outras 12 pessoas foram denunciadas no processo. Parte delas foi absolvida, ou teve a condena\u00e7\u00e3o suspensa ou extinta. Dos nove r\u00e9us condenados, somente um n\u00e3o recorreu. Os oito que recorreram tamb\u00e9m devem ser julgados nesta quarta-feira.<\/p>\n\n\n\n<p><strong>R\u00e9us que recorreram das senten\u00e7as em primeira inst\u00e2ncia:<\/strong><\/p>\n\n\n\n<ul class=\"wp-block-list\"><li>Jos\u00e9 Adelm\u00e1rio Pinheiro (L\u00e9o Pinheiro), ex-presidente da OAS \u2014 condenado a 1 ano, 7 meses e 15 dias pelos crimes de lavagem de dinheiro<\/li><li>Jos\u00e9 Carlos Bumlai, pecuarista \u2014 condenado a 3 anos e 9 meses pelo crime de lavagem de dinheiro<\/li><li>Em\u00edlio Odebrecht, ex-presidente do Conselho de Administra\u00e7\u00e3o do Grupo Odebrecht \u00e0 \u00e9poca \u2014 condenado a 3 anos e 3 meses pelo crime de lavagem de dinheiro<\/li><li>Roberto Teixeira, advogado \u2014 condenado a 2 anos pelo crime de lavagem de dinheiro<\/li><li>Fernando Bittar, empres\u00e1rio, s\u00f3cio de um dos filhos de Lula\u2014 condenado a 3 anos pelo crime de lavagem de dinheiro<\/li><li>Paulo Roberto Valente (Paulo Gordilho), ex-engenheiro da OAS \u2014 condenado a 1 ano pelo crime de lavagem de dinheiro<\/li><li>Carlos Armando Guedes Paschoal, ex-diretor da Odebrecht \u2014 condenado a 2 anos pelo crime de lavagem de dinheiro<\/li><li>Emyr Diniz Costa Junior, ex-engenheiro da Odebrecht \u2014 condenado a 3 anos pelo crime de lavagem de dinheiro<\/li><\/ul>\n\n\n\n<p><strong>R\u00e9us absolvidos e r\u00e9u que n\u00e3o recorreu<\/strong><\/p>\n\n\n\n<ul class=\"wp-block-list\"><li>Marcelo Odebrecht, ex-presidente da Odebrecht \u2014 seria condenado a 5 anos e 4 meses pelo crime de corrup\u00e7\u00e3o passiva, mas teve a condena\u00e7\u00e3o suspensa por causa do acordo de dela\u00e7\u00e3o premiada;<\/li><li>Agenor Franklin Medeiros, ex-executivo da OAS \u2014 acusado de corrup\u00e7\u00e3o ativa, teve a acusa\u00e7\u00e3o extinta;<\/li><li>Rog\u00e9rio Aur\u00e9lio Pimentel, ex-assessor especial da Presid\u00eancia \u2014 acusado de lavagem de dinheiro, foi absolvido.<\/li><li>Alexandrino de Alencar, ex-executivo da Odebrecht \u2014 condenado a 4 anos pelo crime de lavagem de dinheiro (\u00fanico condenado que n\u00e3o recorreu da senten\u00e7a).<\/li><\/ul>\n","protected":false},"excerpt":{"rendered":"<p>No julgamento em segunda inst\u00e2ncia do ex-presidente Luiz In\u00e1cio Lula da Silva no caso do s\u00edtio de Atibaia nesta quarta-feira (27), o procurador que representa&hellip; <\/p>\n","protected":false},"author":1,"featured_media":138205,"comment_status":"closed","ping_status":"closed","sticky":false,"template":"","format":"standard","meta":{"sfsi_plus_gutenberg_text_before_share":"","sfsi_plus_gutenberg_show_text_before_share":"","sfsi_plus_gutenberg_icon_type":"","sfsi_plus_gutenberg_icon_alignemt":"","sfsi_plus_gutenburg_max_per_row":"","footnotes":""},"categories":[2],"tags":[],"class_list":["post-138204","post","type-post","status-publish","format-standard","has-post-thumbnail","hentry","category-geral"],"_links":{"self":[{"href":"https:\/\/www.caririemacao.com\/1\/wp-json\/wp\/v2\/posts\/138204","targetHints":{"allow":["GET"]}}],"collection":[{"href":"https:\/\/www.caririemacao.com\/1\/wp-json\/wp\/v2\/posts"}],"about":[{"href":"https:\/\/www.caririemacao.com\/1\/wp-json\/wp\/v2\/types\/post"}],"author":[{"embeddable":true,"href":"https:\/\/www.caririemacao.com\/1\/wp-json\/wp\/v2\/users\/1"}],"replies":[{"embeddable":true,"href":"https:\/\/www.caririemacao.com\/1\/wp-json\/wp\/v2\/comments?post=138204"}],"version-history":[{"count":1,"href":"https:\/\/www.caririemacao.com\/1\/wp-json\/wp\/v2\/posts\/138204\/revisions"}],"predecessor-version":[{"id":138206,"href":"https:\/\/www.caririemacao.com\/1\/wp-json\/wp\/v2\/posts\/138204\/revisions\/138206"}],"wp:featuredmedia":[{"embeddable":true,"href":"https:\/\/www.caririemacao.com\/1\/wp-json\/wp\/v2\/media\/138205"}],"wp:attachment":[{"href":"https:\/\/www.caririemacao.com\/1\/wp-json\/wp\/v2\/media?parent=138204"}],"wp:term":[{"taxonomy":"category","embeddable":true,"href":"https:\/\/www.caririemacao.com\/1\/wp-json\/wp\/v2\/categories?post=138204"},{"taxonomy":"post_tag","embeddable":true,"href":"https:\/\/www.caririemacao.com\/1\/wp-json\/wp\/v2\/tags?post=138204"}],"curies":[{"name":"wp","href":"https:\/\/api.w.org\/{rel}","templated":true}]}}