{"id":138210,"date":"2019-11-27T14:00:55","date_gmt":"2019-11-27T17:00:55","guid":{"rendered":"http:\/\/www.caririemacao.com\/1\/?p=138210"},"modified":"2019-11-27T14:00:55","modified_gmt":"2019-11-27T17:00:55","slug":"prefeita-de-ouro-velho-tem-mais-uma-conta-aprovada-pelo-tce","status":"publish","type":"post","link":"https:\/\/www.caririemacao.com\/1\/2019\/11\/27\/prefeita-de-ouro-velho-tem-mais-uma-conta-aprovada-pelo-tce\/","title":{"rendered":"Prefeita de Ouro Velho tem mais uma conta aprovada pelo TCE"},"content":{"rendered":"\n<p>A prefeita de Ouro Velho teve na manh\u00e3 desta quarta-feira,\ndia 27, mais uma conta aprovada por unanimidade pelo Tribunal de Contas do\nEstado da Para\u00edba. <\/p>\n\n\n\n<p>As contas s\u00e3o referentes ao exerc\u00edcio de 2016. Com estas contas aprovadas, j\u00e1 s\u00e3o anos de sua\ngest\u00e3o atestada pelo TC. <\/p>\n\n\n\n<p>Na rede social, o\nesposo da prefeita agradeceu sua equipe: \u201cMais uma vez quero parabenizar a prefeita\nNat\u00e1lia, toda equipe de governo, o contador Jo\u00e3o Guilherme e os advogados\nAugusto Valadares, Bruno Alc\u00e2ntara e Johnson Abrantes. Ouro velho no caminho\ncerto\u201d, agradeceu.<\/p>\n","protected":false},"excerpt":{"rendered":"<p>A prefeita de Ouro Velho teve na manh\u00e3 desta quarta-feira, dia 27, mais uma conta aprovada por unanimidade pelo Tribunal de Contas do Estado da&hellip; <\/p>\n","protected":false},"author":2,"featured_media":138211,"comment_status":"closed","ping_status":"closed","sticky":false,"template":"","format":"standard","meta":{"sfsi_plus_gutenberg_text_before_share":"","sfsi_plus_gutenberg_show_text_before_share":"","sfsi_plus_gutenberg_icon_type":"","sfsi_plus_gutenberg_icon_alignemt":"","sfsi_plus_gutenburg_max_per_row":"","footnotes":""},"categories":[6,50],"tags":[],"class_list":["post-138210","post","type-post","status-publish","format-standard","has-post-thumbnail","hentry","category-cidades","category-destaque"],"_links":{"self":[{"href":"https:\/\/www.caririemacao.com\/1\/wp-json\/wp\/v2\/posts\/138210","targetHints":{"allow":["GET"]}}],"collection":[{"href":"https:\/\/www.caririemacao.com\/1\/wp-json\/wp\/v2\/posts"}],"about":[{"href":"https:\/\/www.caririemacao.com\/1\/wp-json\/wp\/v2\/types\/post"}],"author":[{"embeddable":true,"href":"https:\/\/www.caririemacao.com\/1\/wp-json\/wp\/v2\/users\/2"}],"replies":[{"embeddable":true,"href":"https:\/\/www.caririemacao.com\/1\/wp-json\/wp\/v2\/comments?post=138210"}],"version-history":[{"count":1,"href":"https:\/\/www.caririemacao.com\/1\/wp-json\/wp\/v2\/posts\/138210\/revisions"}],"predecessor-version":[{"id":138212,"href":"https:\/\/www.caririemacao.com\/1\/wp-json\/wp\/v2\/posts\/138210\/revisions\/138212"}],"wp:featuredmedia":[{"embeddable":true,"href":"https:\/\/www.caririemacao.com\/1\/wp-json\/wp\/v2\/media\/138211"}],"wp:attachment":[{"href":"https:\/\/www.caririemacao.com\/1\/wp-json\/wp\/v2\/media?parent=138210"}],"wp:term":[{"taxonomy":"category","embeddable":true,"href":"https:\/\/www.caririemacao.com\/1\/wp-json\/wp\/v2\/categories?post=138210"},{"taxonomy":"post_tag","embeddable":true,"href":"https:\/\/www.caririemacao.com\/1\/wp-json\/wp\/v2\/tags?post=138210"}],"curies":[{"name":"wp","href":"https:\/\/api.w.org\/{rel}","templated":true}]}}