{"id":138213,"date":"2019-11-27T14:23:25","date_gmt":"2019-11-27T17:23:25","guid":{"rendered":"http:\/\/www.caririemacao.com\/1\/?p=138213"},"modified":"2019-11-27T14:23:25","modified_gmt":"2019-11-27T17:23:25","slug":"famup-participa-de-audiencias-para-implantacao-de-coleta-seletiva-em-monteiro-e-prata","status":"publish","type":"post","link":"https:\/\/www.caririemacao.com\/1\/2019\/11\/27\/famup-participa-de-audiencias-para-implantacao-de-coleta-seletiva-em-monteiro-e-prata\/","title":{"rendered":"Famup participa de audi\u00eancias para implanta\u00e7\u00e3o de coleta seletiva em Monteiro e Prata"},"content":{"rendered":"\n<p>A Federa\u00e7\u00e3o das Associa\u00e7\u00f5es dos Munic\u00edpios da Para\u00edba (Famup) participou, nesta ter\u00e7a-feira (26), de audi\u00eancias p\u00fablicas nos munic\u00edpios de Monteiro e Prata para discutir o in\u00edcio da coleta seletiva nas duas cidades. A atividade contou ainda com a participa\u00e7\u00e3o do Minist\u00e9rio P\u00fablico e ficou acordado que o processo de separa\u00e7\u00e3o de lixo recicl\u00e1vel ser\u00e1 iniciado no come\u00e7o do pr\u00f3ximo ano.<\/p>\n\n\n\n<p>A a\u00e7\u00e3o faz parte do projeto \u2018Fim dos Lix\u00f5es\u2019, realizado pela Famup em parceria com o MPPB e com apoio das prefeituras. O secret\u00e1rio-executivo da entidade municipalista, Pedro Dantas, acompanhou as audi\u00eancias p\u00fablicas e comemorou mais esse passo, ap\u00f3s o fechamento dos lix\u00f5es, que acarretar\u00e1 em ganho ambiental para esses munic\u00edpios e ainda gera\u00e7\u00e3o de emprego e renda atrav\u00e9s da comercializa\u00e7\u00e3o de materiais recicl\u00e1veis.<\/p>\n\n\n\n<p>\u201cAtualmente, apenas 3% do lixo produzido \u00e9 reciclado. Encaminhar res\u00edduos como pl\u00e1stico, metal e vidro para a reciclagem, al\u00e9m de assegurar renda para fam\u00edlias, aumenta a vida \u00fatil dos aterros. O fim dos lix\u00f5es envolve uma s\u00e9rie de a\u00e7\u00f5es como a coleta seletiva e a educa\u00e7\u00e3o ambiental\u201d, destacou Pedro.<\/p>\n\n\n\n<p>Em Monteiro, a audi\u00eancia foi comandada pela prefeita Ana Lorena e em Prata pelo prefeito J\u00fanior. A popula\u00e7\u00e3o compareceu e participou desse debate, se comprometendo a fazer a separa\u00e7\u00e3o dos recicl\u00e1veis. Representando o Minist\u00e9rio P\u00fablico estavam presente o procurador Francisco Sagres e o promotor e coordenador do Centro de Apoio Operacional \u00e0s Promotorias do Meio Ambiente, Raniere Dantas.<\/p>\n\n\n\n<p><strong>Coleta seletiva \u2013<\/strong>&nbsp;Coleta seletiva \u00e9 a coleta diferenciada de res\u00edduos que foram previamente separados segundo a sua constitui\u00e7\u00e3o ou composi\u00e7\u00e3o. Os brasileiros jogam fora 76 milh\u00f5es de toneladas de lixo \u2013 30% poderiam ser reaproveitados, mas s\u00f3 3% v\u00e3o para a reciclagem.<\/p>\n","protected":false},"excerpt":{"rendered":"<p>A Federa\u00e7\u00e3o das Associa\u00e7\u00f5es dos Munic\u00edpios da Para\u00edba (Famup) participou, nesta ter\u00e7a-feira (26), de audi\u00eancias p\u00fablicas nos munic\u00edpios de Monteiro e Prata para discutir o&hellip; <\/p>\n","protected":false},"author":1,"featured_media":138214,"comment_status":"closed","ping_status":"closed","sticky":false,"template":"","format":"standard","meta":{"sfsi_plus_gutenberg_text_before_share":"","sfsi_plus_gutenberg_show_text_before_share":"","sfsi_plus_gutenberg_icon_type":"","sfsi_plus_gutenberg_icon_alignemt":"","sfsi_plus_gutenburg_max_per_row":"","footnotes":""},"categories":[6,50],"tags":[],"class_list":["post-138213","post","type-post","status-publish","format-standard","has-post-thumbnail","hentry","category-cidades","category-destaque"],"_links":{"self":[{"href":"https:\/\/www.caririemacao.com\/1\/wp-json\/wp\/v2\/posts\/138213","targetHints":{"allow":["GET"]}}],"collection":[{"href":"https:\/\/www.caririemacao.com\/1\/wp-json\/wp\/v2\/posts"}],"about":[{"href":"https:\/\/www.caririemacao.com\/1\/wp-json\/wp\/v2\/types\/post"}],"author":[{"embeddable":true,"href":"https:\/\/www.caririemacao.com\/1\/wp-json\/wp\/v2\/users\/1"}],"replies":[{"embeddable":true,"href":"https:\/\/www.caririemacao.com\/1\/wp-json\/wp\/v2\/comments?post=138213"}],"version-history":[{"count":1,"href":"https:\/\/www.caririemacao.com\/1\/wp-json\/wp\/v2\/posts\/138213\/revisions"}],"predecessor-version":[{"id":138215,"href":"https:\/\/www.caririemacao.com\/1\/wp-json\/wp\/v2\/posts\/138213\/revisions\/138215"}],"wp:featuredmedia":[{"embeddable":true,"href":"https:\/\/www.caririemacao.com\/1\/wp-json\/wp\/v2\/media\/138214"}],"wp:attachment":[{"href":"https:\/\/www.caririemacao.com\/1\/wp-json\/wp\/v2\/media?parent=138213"}],"wp:term":[{"taxonomy":"category","embeddable":true,"href":"https:\/\/www.caririemacao.com\/1\/wp-json\/wp\/v2\/categories?post=138213"},{"taxonomy":"post_tag","embeddable":true,"href":"https:\/\/www.caririemacao.com\/1\/wp-json\/wp\/v2\/tags?post=138213"}],"curies":[{"name":"wp","href":"https:\/\/api.w.org\/{rel}","templated":true}]}}