{"id":138225,"date":"2019-11-27T14:34:08","date_gmt":"2019-11-27T17:34:08","guid":{"rendered":"http:\/\/www.caririemacao.com\/1\/?p=138225"},"modified":"2019-11-27T14:34:08","modified_gmt":"2019-11-27T17:34:08","slug":"prefeito-celio-barbosa-tem-contas-de-2016-aprovadas-e-acumula-cinco-balancetes-confirmados-pelo-tce","status":"publish","type":"post","link":"https:\/\/www.caririemacao.com\/1\/2019\/11\/27\/prefeito-celio-barbosa-tem-contas-de-2016-aprovadas-e-acumula-cinco-balancetes-confirmados-pelo-tce\/","title":{"rendered":"Prefeito C\u00e9lio Barbosa tem contas de 2016 aprovadas e acumula cinco balancetes confirmados pelo TCE"},"content":{"rendered":"\n<p>O prefeito C\u00e9lio Barbosa esteve pessoalmente no Tribunal de Contas do Estado para acompanhar a vota\u00e7\u00e3o de suas contas referente ao ano de 2016. A Corte analisou tecnicamente os balancetes de S\u00e3o Jo\u00e3o do Tigre e aprovou por unanimidade as contas do gestor, que j\u00e1 acumula cinco contas aprovadas desde seu primeiro mandato.<\/p>\n\n\n\n<div class=\"wp-block-image\"><figure class=\"alignleft\"><img decoding=\"async\" data-src=\"http:\/\/deolhonocariri.com.br\/wp-content\/uploads\/2019\/11\/celio_tce_2.jpg\" alt=\"\" class=\"wp-image-74423 lazyload\" src=\"data:image\/svg+xml;base64,PHN2ZyB3aWR0aD0iMSIgaGVpZ2h0PSIxIiB4bWxucz0iaHR0cDovL3d3dy53My5vcmcvMjAwMC9zdmciPjwvc3ZnPg==\" \/><\/figure><\/div>\n\n\n\n<p><\/p>\n\n\n\n<p>Com essa vota\u00e7\u00e3o, j\u00e1 foram analisadas e aprovadas as contas do prefeito C\u00e9lio Barbosa nos anos de 2013, 2014, 2015, 2016 e 2017, restando apenas as de 2018 que devem ser apreciadas no in\u00edcio do pr\u00f3ximo ano.<\/p>\n\n\n\n<p>O gestor disse que estava feliz e renovando o sentimento do dever cumprido, pois para al\u00e9m da transforma\u00e7\u00e3o que protagonizou em S\u00e3o Jo\u00e3o do Tigre nos \u00faltimos anos, mostra a toda a sociedade que a fez dentro dos limites legais e observando os princ\u00edpios de uma administra\u00e7\u00e3o s\u00e9ria e comprometida com os recursos p\u00fablicos.<\/p>\n\n\n\n<p>\u201cVamos continuar focados at\u00e9 o \u00faltimo dia de nosso governo em fazer o melhor para nosso povo e preparar o munic\u00edpio para que o pr\u00f3ximo gestor possa avan\u00e7ar ainda mais\u201d, pontuou C\u00e9lio Barbosa.<\/p>\n\n\n\n<p><strong>De Olho no Cariri<\/strong><\/p>\n","protected":false},"excerpt":{"rendered":"<p>O prefeito C\u00e9lio Barbosa esteve pessoalmente no Tribunal de Contas do Estado para acompanhar a vota\u00e7\u00e3o de suas contas referente ao ano de 2016. A&hellip; <\/p>\n","protected":false},"author":1,"featured_media":138226,"comment_status":"closed","ping_status":"closed","sticky":false,"template":"","format":"standard","meta":{"sfsi_plus_gutenberg_text_before_share":"","sfsi_plus_gutenberg_show_text_before_share":"","sfsi_plus_gutenberg_icon_type":"","sfsi_plus_gutenberg_icon_alignemt":"","sfsi_plus_gutenburg_max_per_row":"","footnotes":""},"categories":[6,50],"tags":[],"class_list":["post-138225","post","type-post","status-publish","format-standard","has-post-thumbnail","hentry","category-cidades","category-destaque"],"_links":{"self":[{"href":"https:\/\/www.caririemacao.com\/1\/wp-json\/wp\/v2\/posts\/138225","targetHints":{"allow":["GET"]}}],"collection":[{"href":"https:\/\/www.caririemacao.com\/1\/wp-json\/wp\/v2\/posts"}],"about":[{"href":"https:\/\/www.caririemacao.com\/1\/wp-json\/wp\/v2\/types\/post"}],"author":[{"embeddable":true,"href":"https:\/\/www.caririemacao.com\/1\/wp-json\/wp\/v2\/users\/1"}],"replies":[{"embeddable":true,"href":"https:\/\/www.caririemacao.com\/1\/wp-json\/wp\/v2\/comments?post=138225"}],"version-history":[{"count":1,"href":"https:\/\/www.caririemacao.com\/1\/wp-json\/wp\/v2\/posts\/138225\/revisions"}],"predecessor-version":[{"id":138227,"href":"https:\/\/www.caririemacao.com\/1\/wp-json\/wp\/v2\/posts\/138225\/revisions\/138227"}],"wp:featuredmedia":[{"embeddable":true,"href":"https:\/\/www.caririemacao.com\/1\/wp-json\/wp\/v2\/media\/138226"}],"wp:attachment":[{"href":"https:\/\/www.caririemacao.com\/1\/wp-json\/wp\/v2\/media?parent=138225"}],"wp:term":[{"taxonomy":"category","embeddable":true,"href":"https:\/\/www.caririemacao.com\/1\/wp-json\/wp\/v2\/categories?post=138225"},{"taxonomy":"post_tag","embeddable":true,"href":"https:\/\/www.caririemacao.com\/1\/wp-json\/wp\/v2\/tags?post=138225"}],"curies":[{"name":"wp","href":"https:\/\/api.w.org\/{rel}","templated":true}]}}