{"id":138229,"date":"2019-11-27T14:38:08","date_gmt":"2019-11-27T17:38:08","guid":{"rendered":"http:\/\/www.caririemacao.com\/1\/?p=138229"},"modified":"2019-11-27T14:38:08","modified_gmt":"2019-11-27T17:38:08","slug":"festival-de-violeiros-pinto-de-monteiro-e-atracao-da-primeira-noite-da-expo-monteiro","status":"publish","type":"post","link":"https:\/\/www.caririemacao.com\/1\/2019\/11\/27\/festival-de-violeiros-pinto-de-monteiro-e-atracao-da-primeira-noite-da-expo-monteiro\/","title":{"rendered":"Festival de violeiros pinto de Monteiro \u00e9 atra\u00e7\u00e3o da primeira noite da EXPO MONTEIRO"},"content":{"rendered":"\n<p>A popula\u00e7\u00e3o monteirense j\u00e1 aguarda com ansiedade pela Expo Monteiro 2019, mais precisamente pela abertura do evento que traz consigo mais uma edi\u00e7\u00e3o do Festival de Violeiros Pinto de Monteiro, que re\u00fane grandes nomes da cantoria da regi\u00e3o e do estado.<\/p>\n\n\n\n<p>Neste grande encontro de nomes da cultura popular, os monteirenses Ren\u00ea Cavalcante, Michel Torres e Silvio Guilherme recepcionam ao som das violas o campinense Ivanildo Vila Nova, de Afogados da Ingazeira vem Andr\u00e9 Santos, e da vizinha cidade de Sum\u00e9 Evaldo Filho, para juntos brincar com as palavras e transformar fatos do cotidiano em versos rimados, prometendo uma noite de improvisos.<br>O Festival de Violeiros vem para trazer a mem\u00f3ria e homenagear um dos maiores nomes da poesia, a Cascavel do Repente, o poeta Pinto de Monteiro que se estivesse vivo teria comemorado 124 anos na \u00faltima quinta-feira, 21.<br>\u201cNosso intuito \u00e9 fazer com que a mem\u00f3ria sobre Pinto de Monteiro esteja sempre viva. Este evento tem o principal objetivo homenagear este nome que levou a nossa cultura a outros patamares\u201d, comentou a prefeita Anna Lorena.<br>O evento tem in\u00edcio com a abertura \u00e0s 19h na Pra\u00e7a de Eventos com entrada franca e contar\u00e1 com as presen\u00e7as da prefeita Anna Lorena e demais autoridades e parceiros como Sebrae e Governo do Estado.\n\n<\/p>\n","protected":false},"excerpt":{"rendered":"<p>A popula\u00e7\u00e3o monteirense j\u00e1 aguarda com ansiedade pela Expo Monteiro 2019, mais precisamente pela abertura do evento que traz consigo mais uma edi\u00e7\u00e3o do Festival&hellip; <\/p>\n","protected":false},"author":1,"featured_media":138230,"comment_status":"closed","ping_status":"closed","sticky":false,"template":"","format":"standard","meta":{"sfsi_plus_gutenberg_text_before_share":"","sfsi_plus_gutenberg_show_text_before_share":"","sfsi_plus_gutenberg_icon_type":"","sfsi_plus_gutenberg_icon_alignemt":"","sfsi_plus_gutenburg_max_per_row":"","footnotes":""},"categories":[6],"tags":[],"class_list":["post-138229","post","type-post","status-publish","format-standard","has-post-thumbnail","hentry","category-cidades"],"_links":{"self":[{"href":"https:\/\/www.caririemacao.com\/1\/wp-json\/wp\/v2\/posts\/138229","targetHints":{"allow":["GET"]}}],"collection":[{"href":"https:\/\/www.caririemacao.com\/1\/wp-json\/wp\/v2\/posts"}],"about":[{"href":"https:\/\/www.caririemacao.com\/1\/wp-json\/wp\/v2\/types\/post"}],"author":[{"embeddable":true,"href":"https:\/\/www.caririemacao.com\/1\/wp-json\/wp\/v2\/users\/1"}],"replies":[{"embeddable":true,"href":"https:\/\/www.caririemacao.com\/1\/wp-json\/wp\/v2\/comments?post=138229"}],"version-history":[{"count":1,"href":"https:\/\/www.caririemacao.com\/1\/wp-json\/wp\/v2\/posts\/138229\/revisions"}],"predecessor-version":[{"id":138231,"href":"https:\/\/www.caririemacao.com\/1\/wp-json\/wp\/v2\/posts\/138229\/revisions\/138231"}],"wp:featuredmedia":[{"embeddable":true,"href":"https:\/\/www.caririemacao.com\/1\/wp-json\/wp\/v2\/media\/138230"}],"wp:attachment":[{"href":"https:\/\/www.caririemacao.com\/1\/wp-json\/wp\/v2\/media?parent=138229"}],"wp:term":[{"taxonomy":"category","embeddable":true,"href":"https:\/\/www.caririemacao.com\/1\/wp-json\/wp\/v2\/categories?post=138229"},{"taxonomy":"post_tag","embeddable":true,"href":"https:\/\/www.caririemacao.com\/1\/wp-json\/wp\/v2\/tags?post=138229"}],"curies":[{"name":"wp","href":"https:\/\/api.w.org\/{rel}","templated":true}]}}