{"id":138237,"date":"2019-11-27T16:15:27","date_gmt":"2019-11-27T19:15:27","guid":{"rendered":"http:\/\/www.caririemacao.com\/1\/?p=138237"},"modified":"2019-11-27T16:15:27","modified_gmt":"2019-11-27T19:15:27","slug":"mais-de-20-municipios-se-reunirao-em-parari-para-encontro-contra-a-pec-que-extingue-cidades","status":"publish","type":"post","link":"https:\/\/www.caririemacao.com\/1\/2019\/11\/27\/mais-de-20-municipios-se-reunirao-em-parari-para-encontro-contra-a-pec-que-extingue-cidades\/","title":{"rendered":"Mais de 20 munic\u00edpios se reunir\u00e3o em Parari para encontro contra a PEC que extingue cidades"},"content":{"rendered":"\n<p>A Proposta de Emenda \u00e0 Constitui\u00e7\u00e3o (PEC) apresentada pelo governo federal no \u00faltimo dia 4, que extingue todos os munic\u00edpios com menos de cinco mil habitantes, causou revolta no Cariri da Para\u00edba. O territ\u00f3rio composto por 31 munic\u00edpios acabaria com a emancipa\u00e7\u00e3o de dezoito cidades. Foi criado o movimento \u2018O encontro das bandeiras\u2019 que acontecer\u00e1 pr\u00f3xima sexta-feira (29), na cidade de Parari, no gin\u00e1sio esportivo Josinaldo Pedro de Souza.<\/p>\n\n\n\n<p>A comiss\u00e3o organizadora do evento \u00e9 formada por sete vereadores, Francisco Junior (S\u00e3o Jo\u00e3o do Cariri), Marcelo Farias (Gurj\u00e3o), Alexandre Neves (Coxixola), Ant\u00f4nio Pereira (S\u00e3o Domingos do Cariri), Niedson (S\u00e3o Jos\u00e9 dos Cordeiros), Junior Calu\u00eate (Parari) e Erivonaldo Lopes (Ouro Velho).<\/p>\n\n\n\n<p>O vereador de S\u00e3o Jo\u00e3o do Cariri, Francisco Junior, informou que o intuito \u00e9 reunir o maior n\u00famero de pessoas, n\u00e3o s\u00f3 pol\u00edticos, mas tamb\u00e9m toda sociedade civil para um grande abaixo-assinado contra a PEC 188\/2019. O manifesto ser\u00e1 mostrado a deputados federais e senadores para que votem contra.<\/p>\n\n\n\n<p>Al\u00e9m de vereadores e prefeitos, estar\u00e3o presentes tamb\u00e9m sindicalistas e o deputado estadual In\u00e1cio Falc\u00e3o. At\u00e9 o momento est\u00e3o confirmados 23 munic\u00edpios que participar\u00e3o. A comiss\u00e3o aceita confirma\u00e7\u00e3o de mais cidades at\u00e9 a quinta-feira (28).<\/p>\n\n\n\n<p>\u201cO encontro das bandeiras leva esse nome, pois o representante de cada munic\u00edpio levar\u00e1 \u00e0 Parari sua bandeira e ser\u00e1 um momento marcado como a uni\u00e3o de todos por uma s\u00f3 causa\u201d, destacou Francisco Junior.<\/p>\n\n\n\n<p><em>Para\u00edba Mix<\/em><\/p>\n","protected":false},"excerpt":{"rendered":"<p>A Proposta de Emenda \u00e0 Constitui\u00e7\u00e3o (PEC) apresentada pelo governo federal no \u00faltimo dia 4, que extingue todos os munic\u00edpios com menos de cinco mil&hellip; <\/p>\n","protected":false},"author":1,"featured_media":112366,"comment_status":"closed","ping_status":"closed","sticky":false,"template":"","format":"standard","meta":{"sfsi_plus_gutenberg_text_before_share":"","sfsi_plus_gutenberg_show_text_before_share":"","sfsi_plus_gutenberg_icon_type":"","sfsi_plus_gutenberg_icon_alignemt":"","sfsi_plus_gutenburg_max_per_row":"","footnotes":""},"categories":[2],"tags":[],"class_list":["post-138237","post","type-post","status-publish","format-standard","has-post-thumbnail","hentry","category-geral"],"_links":{"self":[{"href":"https:\/\/www.caririemacao.com\/1\/wp-json\/wp\/v2\/posts\/138237","targetHints":{"allow":["GET"]}}],"collection":[{"href":"https:\/\/www.caririemacao.com\/1\/wp-json\/wp\/v2\/posts"}],"about":[{"href":"https:\/\/www.caririemacao.com\/1\/wp-json\/wp\/v2\/types\/post"}],"author":[{"embeddable":true,"href":"https:\/\/www.caririemacao.com\/1\/wp-json\/wp\/v2\/users\/1"}],"replies":[{"embeddable":true,"href":"https:\/\/www.caririemacao.com\/1\/wp-json\/wp\/v2\/comments?post=138237"}],"version-history":[{"count":1,"href":"https:\/\/www.caririemacao.com\/1\/wp-json\/wp\/v2\/posts\/138237\/revisions"}],"predecessor-version":[{"id":138238,"href":"https:\/\/www.caririemacao.com\/1\/wp-json\/wp\/v2\/posts\/138237\/revisions\/138238"}],"wp:featuredmedia":[{"embeddable":true,"href":"https:\/\/www.caririemacao.com\/1\/wp-json\/wp\/v2\/media\/112366"}],"wp:attachment":[{"href":"https:\/\/www.caririemacao.com\/1\/wp-json\/wp\/v2\/media?parent=138237"}],"wp:term":[{"taxonomy":"category","embeddable":true,"href":"https:\/\/www.caririemacao.com\/1\/wp-json\/wp\/v2\/categories?post=138237"},{"taxonomy":"post_tag","embeddable":true,"href":"https:\/\/www.caririemacao.com\/1\/wp-json\/wp\/v2\/tags?post=138237"}],"curies":[{"name":"wp","href":"https:\/\/api.w.org\/{rel}","templated":true}]}}