{"id":138240,"date":"2019-11-27T16:16:24","date_gmt":"2019-11-27T19:16:24","guid":{"rendered":"http:\/\/www.caririemacao.com\/1\/?p=138240"},"modified":"2019-11-27T16:16:24","modified_gmt":"2019-11-27T19:16:24","slug":"presidente-da-aesa-preve-chegada-das-aguas-do-sao-francisco-em-boqueirao-no-inicio-de-janeiro-de-2020","status":"publish","type":"post","link":"https:\/\/www.caririemacao.com\/1\/2019\/11\/27\/presidente-da-aesa-preve-chegada-das-aguas-do-sao-francisco-em-boqueirao-no-inicio-de-janeiro-de-2020\/","title":{"rendered":"Presidente da Aesa prev\u00ea chegada das \u00e1guas do S\u00e3o Francisco em Boqueir\u00e3o no in\u00edcio de janeiro de 2020"},"content":{"rendered":"\n<p>H\u00e1 uma semana, as \u00e1guas do Rio S\u00e3o Francisco chegaram novamente \u00e0 Para\u00edba, na cidade de Monteiro, no Cariri. A Transposi\u00e7\u00e3o continuar\u00e1 abastecendo at\u00e9 que chegue \u00e0 cidade de Boqueir\u00e3o, onde dar\u00e1 nova recarga ao A\u00e7ude Epit\u00e1cio Pessoa. Nesta quarta-feira (27), as \u00e1guas chegaram ao a\u00e7ude Po\u00e7\u00f5es. O presidente da Ag\u00eancia Executiva de Gest\u00e3o das \u00c1guas (Aesa), Porf\u00edrio Loureiro, garantiu que at\u00e9 a primeira quinzena de janeiro, o Boqueir\u00e3o receber\u00e1 a \u00e1gua.<\/p>\n\n\n\n<p>\u201cTomando por base uma vaz\u00e3o de 3,5 metros c\u00fabicos, ap\u00f3s passar em Po\u00e7\u00f5es, a gente vai ter uma demora de 30 a 35 dias para chegar ao Boqueir\u00e3o\u201d, afirmou Porf\u00edrio durante entrevista \u00e0 r\u00e1dio Campina FM, nesta quarta. O a\u00e7ude est\u00e1 com menos de 17% da capacidade total e abastece mais de 20 cidades e distritos.<\/p>\n\n\n\n<p><em>Campina FM<\/em><\/p>\n","protected":false},"excerpt":{"rendered":"<p>H\u00e1 uma semana, as \u00e1guas do Rio S\u00e3o Francisco chegaram novamente \u00e0 Para\u00edba, na cidade de Monteiro, no Cariri. A Transposi\u00e7\u00e3o continuar\u00e1 abastecendo at\u00e9 que&hellip; <\/p>\n","protected":false},"author":1,"featured_media":138241,"comment_status":"closed","ping_status":"closed","sticky":false,"template":"","format":"standard","meta":{"sfsi_plus_gutenberg_text_before_share":"","sfsi_plus_gutenberg_show_text_before_share":"","sfsi_plus_gutenberg_icon_type":"","sfsi_plus_gutenberg_icon_alignemt":"","sfsi_plus_gutenburg_max_per_row":"","footnotes":""},"categories":[2],"tags":[],"class_list":["post-138240","post","type-post","status-publish","format-standard","has-post-thumbnail","hentry","category-geral"],"_links":{"self":[{"href":"https:\/\/www.caririemacao.com\/1\/wp-json\/wp\/v2\/posts\/138240","targetHints":{"allow":["GET"]}}],"collection":[{"href":"https:\/\/www.caririemacao.com\/1\/wp-json\/wp\/v2\/posts"}],"about":[{"href":"https:\/\/www.caririemacao.com\/1\/wp-json\/wp\/v2\/types\/post"}],"author":[{"embeddable":true,"href":"https:\/\/www.caririemacao.com\/1\/wp-json\/wp\/v2\/users\/1"}],"replies":[{"embeddable":true,"href":"https:\/\/www.caririemacao.com\/1\/wp-json\/wp\/v2\/comments?post=138240"}],"version-history":[{"count":1,"href":"https:\/\/www.caririemacao.com\/1\/wp-json\/wp\/v2\/posts\/138240\/revisions"}],"predecessor-version":[{"id":138242,"href":"https:\/\/www.caririemacao.com\/1\/wp-json\/wp\/v2\/posts\/138240\/revisions\/138242"}],"wp:featuredmedia":[{"embeddable":true,"href":"https:\/\/www.caririemacao.com\/1\/wp-json\/wp\/v2\/media\/138241"}],"wp:attachment":[{"href":"https:\/\/www.caririemacao.com\/1\/wp-json\/wp\/v2\/media?parent=138240"}],"wp:term":[{"taxonomy":"category","embeddable":true,"href":"https:\/\/www.caririemacao.com\/1\/wp-json\/wp\/v2\/categories?post=138240"},{"taxonomy":"post_tag","embeddable":true,"href":"https:\/\/www.caririemacao.com\/1\/wp-json\/wp\/v2\/tags?post=138240"}],"curies":[{"name":"wp","href":"https:\/\/api.w.org\/{rel}","templated":true}]}}