{"id":138243,"date":"2019-11-27T16:17:55","date_gmt":"2019-11-27T19:17:55","guid":{"rendered":"http:\/\/www.caririemacao.com\/1\/?p=138243"},"modified":"2019-11-27T16:17:55","modified_gmt":"2019-11-27T19:17:55","slug":"unidade-movel-oferece-gratuitamente-exames-para-mulheres-em-sume","status":"publish","type":"post","link":"https:\/\/www.caririemacao.com\/1\/2019\/11\/27\/unidade-movel-oferece-gratuitamente-exames-para-mulheres-em-sume\/","title":{"rendered":"Unidade m\u00f3vel oferece gratuitamente exames para mulheres em Sum\u00e9"},"content":{"rendered":"\n<p>O Cons\u00f3rcio Intermunicipal de Sa\u00fade do Cariri (Cisco), em parceria com o Servi\u00e7o Social do Com\u00e9rcio (Sesc), est\u00e1 ofertando \u00e0s mulheres de todas as cidades do Cariri, de forma gratuita, exames citol\u00f3gicos e de mamografia.<\/p>\n\n\n\n<p>Os exames come\u00e7aram a ser feitos nessa segunda-feira, 25, em uma unidade m\u00f3vel instalada no munic\u00edpio de Sum\u00e9, e se estendem at\u00e9 o dia 17 de dezembro.<\/p>\n\n\n\n<p>Em entrevista veiculada pela r\u00e1dio Campina FM, a secret\u00e1ria executiva do Cisco, Euza Aparecida, falou sobre o projeto.<\/p>\n\n\n\n<figure class=\"wp-block-image\"><img decoding=\"async\" data-src=\"https:\/\/paraibaonline.com.br\/wp-content\/uploads\/2019\/11\/mamografia2711.jpg\" alt=\"Foto ilustrativa: Reprodu\u00e7\u00e3o\" class=\"wp-image-821559 lazyload\" src=\"data:image\/svg+xml;base64,PHN2ZyB3aWR0aD0iMSIgaGVpZ2h0PSIxIiB4bWxucz0iaHR0cDovL3d3dy53My5vcmcvMjAwMC9zdmciPjwvc3ZnPg==\" \/><\/figure>\n\n\n\n<p>Foto ilustrativa: Reprodu\u00e7\u00e3o<\/p>\n\n\n\n<p>\u2013 As mulheres beneficiadas para as mamografias devem estar entre a faixa et\u00e1ria de 50 a 69 anos. J\u00e1 para o citol\u00f3gico, devem estar entre 25 e 64 anos. Temos tamb\u00e9m a paciente que faz parte do grupo de risco, que \u00e9 aquela que tem o hist\u00f3rico familiar \u2013 informou.<\/p>\n\n\n\n<p>Ser\u00e3o ofertados cerca de 600 exames, e cada cidade consorciada ao Cisco foi determinada uma quantidade de exames, bem como os dias dedicados \u00e0s mulheres de cada munic\u00edpio.<\/p>\n\n\n\n<p>De acordo com a secret\u00e1ria, as mulheres interessadas devem procurar a Secretaria de Sa\u00fade de seu munic\u00edpio para se cadastrar e buscar uma vaga para participar do projeto.<br><\/p>\n","protected":false},"excerpt":{"rendered":"<p>O Cons\u00f3rcio Intermunicipal de Sa\u00fade do Cariri (Cisco), em parceria com o Servi\u00e7o Social do Com\u00e9rcio (Sesc), est\u00e1 ofertando \u00e0s mulheres de todas as cidades&hellip; <\/p>\n","protected":false},"author":1,"featured_media":138244,"comment_status":"closed","ping_status":"closed","sticky":false,"template":"","format":"standard","meta":{"sfsi_plus_gutenberg_text_before_share":"","sfsi_plus_gutenberg_show_text_before_share":"","sfsi_plus_gutenberg_icon_type":"","sfsi_plus_gutenberg_icon_alignemt":"","sfsi_plus_gutenburg_max_per_row":"","footnotes":""},"categories":[50,16],"tags":[],"class_list":["post-138243","post","type-post","status-publish","format-standard","has-post-thumbnail","hentry","category-destaque","category-saude"],"_links":{"self":[{"href":"https:\/\/www.caririemacao.com\/1\/wp-json\/wp\/v2\/posts\/138243","targetHints":{"allow":["GET"]}}],"collection":[{"href":"https:\/\/www.caririemacao.com\/1\/wp-json\/wp\/v2\/posts"}],"about":[{"href":"https:\/\/www.caririemacao.com\/1\/wp-json\/wp\/v2\/types\/post"}],"author":[{"embeddable":true,"href":"https:\/\/www.caririemacao.com\/1\/wp-json\/wp\/v2\/users\/1"}],"replies":[{"embeddable":true,"href":"https:\/\/www.caririemacao.com\/1\/wp-json\/wp\/v2\/comments?post=138243"}],"version-history":[{"count":1,"href":"https:\/\/www.caririemacao.com\/1\/wp-json\/wp\/v2\/posts\/138243\/revisions"}],"predecessor-version":[{"id":138245,"href":"https:\/\/www.caririemacao.com\/1\/wp-json\/wp\/v2\/posts\/138243\/revisions\/138245"}],"wp:featuredmedia":[{"embeddable":true,"href":"https:\/\/www.caririemacao.com\/1\/wp-json\/wp\/v2\/media\/138244"}],"wp:attachment":[{"href":"https:\/\/www.caririemacao.com\/1\/wp-json\/wp\/v2\/media?parent=138243"}],"wp:term":[{"taxonomy":"category","embeddable":true,"href":"https:\/\/www.caririemacao.com\/1\/wp-json\/wp\/v2\/categories?post=138243"},{"taxonomy":"post_tag","embeddable":true,"href":"https:\/\/www.caririemacao.com\/1\/wp-json\/wp\/v2\/tags?post=138243"}],"curies":[{"name":"wp","href":"https:\/\/api.w.org\/{rel}","templated":true}]}}