{"id":138247,"date":"2019-11-27T16:18:49","date_gmt":"2019-11-27T19:18:49","guid":{"rendered":"http:\/\/www.caririemacao.com\/1\/?p=138247"},"modified":"2019-11-27T16:18:49","modified_gmt":"2019-11-27T19:18:49","slug":"governo-libera-mais-57-agrotoxicos-total-de-registros-em-2019-chega-a-439-2","status":"publish","type":"post","link":"https:\/\/www.caririemacao.com\/1\/2019\/11\/27\/governo-libera-mais-57-agrotoxicos-total-de-registros-em-2019-chega-a-439-2\/","title":{"rendered":"Governo libera mais 57 agrot\u00f3xicos; total de registros em 2019 chega a 439"},"content":{"rendered":"\n<p>O Minist\u00e9rio da Agricultura publicou nesta quarta-feira (27) a autoriza\u00e7\u00e3o do registro de mais 57 agrot\u00f3xicos. J\u00e1 s\u00e3o 439 novos produtos liberados em 2019, permanecendo como o maior ritmo de libera\u00e7\u00e3o da hist\u00f3ria.<\/p>\n\n\n\n<p>Do total liberado nesta quarta, s\u00e3o 55 gen\u00e9ricos de princ\u00edpios ativos j\u00e1 autorizados no Brasil e 2 produtos in\u00e9ditos (um biol\u00f3gico e outro com baixa toxicidade).<\/p>\n\n\n\n<p>Com o an\u00fancio desta quarta-feira, o n\u00famero de registros chega pr\u00f3ximo aos 450 novos agrot\u00f3xicos autorizados em 2018, at\u00e9 agora o maior n\u00famero da s\u00e9rie hist\u00f3rica, iniciada em 2005. No mesmo per\u00edodo do ano passado, o governo havia registrado 374 agrot\u00f3xicos.<\/p>\n\n\n\n<p>O atual ritmo de libera\u00e7\u00e3o provocou rea\u00e7\u00e3o de entidades ligadas a defesa do meio ambiente, que entraram na Justi\u00e7a contra algumas dessas medidas. Na semana passada, um juiz federal do Cear\u00e1 suspendeu provisoriamente o registro de 63 agrot\u00f3xicos autorizados no dia 17 de setembro.<\/p>\n\n\n\n<p><strong>Produtos novos<\/strong><\/p>\n\n\n\n<p>Entre as novidades anunciadas pelo Minist\u00e9rio da Agricultura, est\u00e1 um defensivo agr\u00edcola biol\u00f3gico \u00e0 base da vespa Telenomus podisi, que poder\u00e1 ser usado na agricultura brasileira para combater o percevejo marrom, uma importante praga da cultura de soja.<\/p>\n\n\n\n<p>&#8220;O percevejo marrom \u00e9 uma praga de grande import\u00e2ncia na cultura da soja, que s\u00f3 contava com op\u00e7\u00f5es qu\u00edmicas para o seu controle. Esta vespa parasita ovos do percevejo marrom favorecendo uma diminui\u00e7\u00e3o populacional da praga e aumentando o n\u00famero de inimigos naturais no campo&#8221;, explicou, em nota, o coordenador de Agrot\u00f3xicos do Minist\u00e9rio da Agricultura, Carlos Ven\u00e2ncio.<\/p>\n\n\n\n<p>Outro novo agrot\u00f3xico aprovado \u00e9 um produto de baixa toxicidade formulado \u00e0 base de \u00f3leo de casca de laranja, ele \u00e9 um inseticida e fungicida que poder\u00e1 ser usado para combater o pulg\u00e3o em pequenas culturas como alface. O produto \u00e9 autorizado nos Estados Unidos e n\u00e3o tem registro na Uni\u00e3o Europeia.<\/p>\n\n\n\n<p><strong>Gen\u00e9ricos<\/strong><\/p>\n\n\n\n<p>Segundo o minist\u00e9rio, entre os pesticidas gen\u00e9ricos que tiveram o registro publicado hoje, 12 s\u00e3o produtos biol\u00f3gicos ou org\u00e2nicos, que podem ser usados tanto na agricultura org\u00e2nica quanto na tradicional.<\/p>\n\n\n\n<p>Como os agrot\u00f3xicos impactam os principais produtos na mesa dos brasileiros<br>Um dos gen\u00e9ricos autorizados tem como ingrediente ativo o glifosato, o agrot\u00f3xico mais vendido no mundo e que est\u00e1 sendo questionado ao redor em outros pa\u00edses por uma poss\u00edvel rela\u00e7\u00e3o com o c\u00e2ncer. Na Uni\u00e3o Europeia, a \u00c1ustria e Alemanha, decidiram bani-lo. Nos Estados Unidos, ele \u00e9 autorizado.<\/p>\n\n\n\n<p>Outro princ\u00edpio ativo que teve um gen\u00e9rico registrado nesta leva foi o acefato, muito usado no Brasil para controlar o percevejo, um inseto sugador que diminui muito a produtividade nas culturas de gr\u00e3os. O uso dele \u00e9 restrito no pa\u00eds e s\u00f3 pode ser aplicado por m\u00e1quinas. O ingrediente \u00e9 autorizado nos EUA e banido na UE.<\/p>\n\n\n\n<p>Tamb\u00e9m houve o registro de gen\u00e9ricos de 2 princ\u00edpios ativos que est\u00e3o em reavalia\u00e7\u00e3o no Instituto Brasileiro do Meio Ambiente e dos Recursos Naturais Renov\u00e1veis (Ibama) por poss\u00edvel rela\u00e7\u00e3o com a morte de abelas: os inseticidas iImidacloprido e tiametoxam.<\/p>\n\n\n\n<p>De acordo com o governo, o objetivo da aprova\u00e7\u00e3o de produtos gen\u00e9ricos \u00e9 aumentar a concorr\u00eancia no mercado e diminuir o pre\u00e7o dos defensivos, o que faz cair o custo de produ\u00e7\u00e3o.<\/p>\n\n\n\n<p><strong>Ritmo de libera\u00e7\u00e3o<\/strong><\/p>\n\n\n\n<p>Segundo o governo, a maior velocidade na libera\u00e7\u00e3o de agrot\u00f3xicos vista nos \u00faltimos anos se deve a medidas de desburocratiza\u00e7\u00e3o que foram adotadas desde 2015 na fila de registros.<\/p>\n\n\n\n<p>Brasil usa 500 mil toneladas de agrot\u00f3xicos por ano, mas quantidade pode ser reduzida<br>O objetivo, de acordo com o minist\u00e9rio, \u00e9 aprovar novas mol\u00e9culas, menos t\u00f3xicas e ambientalmente mais corretas para substituir produtos antigos. Isso porque as empresas que desenvolvem agrot\u00f3xicos s\u00f3 podem registrar itens de a\u00e7\u00e3o parecida se eles tiverem um risco \u00e0 sa\u00fade menor ou igual do que os que j\u00e1 est\u00e3o no mercado.<\/p>\n\n\n\n<p>A associa\u00e7\u00e3o que representa as fabricantes de agrot\u00f3xicos (Andef) afirma que a fila do Brasil \u00e9 mais lenta em compara\u00e7\u00e3o com a da Uni\u00e3o Europeia e dos Estados Unidos. Segundo as empresas, o desenvolvimento de 1 princ\u00edpio ativo in\u00e9dito para agrot\u00f3xico leva de 10 a 11 anos e custa em torno de US$ 286 milh\u00f5es.<\/p>\n\n\n\n<p>Agr\u00f4nomos dizem que \u00e9 melhor ter mais produtos registrados do que correr o risco de que os produtores recorram a agrot\u00f3xicos &#8220;piratas&#8221;, mas alertam que, quanto maior o uso, mais resist\u00eancia as pragas t\u00eam ao veneno.<\/p>\n\n\n\n<p>Para ambientalistas, no entanto, a acelera\u00e7\u00e3o do ritmo de aprova\u00e7\u00f5es \u00e9 uma forma de o governo colocar em pr\u00e1tica t\u00f3picos do pol\u00eamico projeto de lei 6.299\/02, que ficou conhecido como &#8220;pacote do veneno&#8221;, que ainda est\u00e1 em discuss\u00e3o na C\u00e2mara dos Deputados.<\/p>\n\n\n\n<p>Para produtores rurais, o registro de novos produtos, especialmente os gen\u00e9ricos, \u00e9 uma forma de baixar os custos de produ\u00e7\u00e3o. Em Mato Grosso, maior estado produtor, os agrot\u00f3xicos equivalem a 21% dos gastos nas lavouras de soja.<\/p>\n\n\n\n<p><strong>Como funciona o registro<\/strong><\/p>\n\n\n\n<p>O aval para um novo agrot\u00f3xico no pa\u00eds passa por 3 \u00f3rg\u00e3os reguladores:<\/p>\n\n\n\n<ul class=\"wp-block-list\"><li>Anvisa, que avalia os riscos \u00e0 sa\u00fade;<\/li><li>Ibama, que analisa os perigos ambientais;<\/li><li>Minist\u00e9rio da Agricultura, que analisa se ele \u00e9 eficaz para matar pragas e doen\u00e7as no campo. \u00c9 a pasta que formaliza o registro, desde que o produto tenha sido aprovado por todos os \u00f3rg\u00e3os.<\/li><\/ul>\n\n\n\n<p>Tipos de registros de agrot\u00f3xicos:<\/p>\n\n\n\n<ul class=\"wp-block-list\"><li>Produto t\u00e9cnico: princ\u00edpio ativo novo; n\u00e3o comercializado, vai na composi\u00e7\u00e3o de produtos que ser\u00e3o vendidos.<\/li><li>Produto t\u00e9cnico equivalente: &#8220;c\u00f3pias&#8221; de princ\u00edpios ativos in\u00e9ditos, que podem ser feitas quando caem as patentes e v\u00e3o ser usadas na formula\u00e7\u00e3o de produtos comerciais. \u00c9 comum as empresas registrarem um mesmo princ\u00edpio ativo v\u00e1rias vezes, para poder fabricar venenos espec\u00edficos para planta\u00e7\u00f5es diferentes, por exemplo;<\/li><li>Produto formulado: \u00e9 o produto final, aquilo que chega para o agricultor;<\/li><li>Produto formulado equivalente: produto final &#8220;gen\u00e9rico&#8221;.<\/li><\/ul>\n","protected":false},"excerpt":{"rendered":"<p>O Minist\u00e9rio da Agricultura publicou nesta quarta-feira (27) a autoriza\u00e7\u00e3o do registro de mais 57 agrot\u00f3xicos. J\u00e1 s\u00e3o 439 novos produtos liberados em 2019, permanecendo&hellip; <\/p>\n","protected":false},"author":1,"featured_media":138248,"comment_status":"closed","ping_status":"closed","sticky":false,"template":"","format":"standard","meta":{"sfsi_plus_gutenberg_text_before_share":"","sfsi_plus_gutenberg_show_text_before_share":"","sfsi_plus_gutenberg_icon_type":"","sfsi_plus_gutenberg_icon_alignemt":"","sfsi_plus_gutenburg_max_per_row":"","footnotes":""},"categories":[11],"tags":[],"class_list":["post-138247","post","type-post","status-publish","format-standard","has-post-thumbnail","hentry","category-politica"],"_links":{"self":[{"href":"https:\/\/www.caririemacao.com\/1\/wp-json\/wp\/v2\/posts\/138247","targetHints":{"allow":["GET"]}}],"collection":[{"href":"https:\/\/www.caririemacao.com\/1\/wp-json\/wp\/v2\/posts"}],"about":[{"href":"https:\/\/www.caririemacao.com\/1\/wp-json\/wp\/v2\/types\/post"}],"author":[{"embeddable":true,"href":"https:\/\/www.caririemacao.com\/1\/wp-json\/wp\/v2\/users\/1"}],"replies":[{"embeddable":true,"href":"https:\/\/www.caririemacao.com\/1\/wp-json\/wp\/v2\/comments?post=138247"}],"version-history":[{"count":1,"href":"https:\/\/www.caririemacao.com\/1\/wp-json\/wp\/v2\/posts\/138247\/revisions"}],"predecessor-version":[{"id":138249,"href":"https:\/\/www.caririemacao.com\/1\/wp-json\/wp\/v2\/posts\/138247\/revisions\/138249"}],"wp:featuredmedia":[{"embeddable":true,"href":"https:\/\/www.caririemacao.com\/1\/wp-json\/wp\/v2\/media\/138248"}],"wp:attachment":[{"href":"https:\/\/www.caririemacao.com\/1\/wp-json\/wp\/v2\/media?parent=138247"}],"wp:term":[{"taxonomy":"category","embeddable":true,"href":"https:\/\/www.caririemacao.com\/1\/wp-json\/wp\/v2\/categories?post=138247"},{"taxonomy":"post_tag","embeddable":true,"href":"https:\/\/www.caririemacao.com\/1\/wp-json\/wp\/v2\/tags?post=138247"}],"curies":[{"name":"wp","href":"https:\/\/api.w.org\/{rel}","templated":true}]}}