{"id":138252,"date":"2019-11-27T16:23:20","date_gmt":"2019-11-27T19:23:20","guid":{"rendered":"http:\/\/www.caririemacao.com\/1\/?p=138252"},"modified":"2019-11-27T16:23:20","modified_gmt":"2019-11-27T19:23:20","slug":"mestrado-em-educacao-da-ufcg-inscreve-para-selecao-ate-sexta-feira-e-oferece-26-vagas","status":"publish","type":"post","link":"https:\/\/www.caririemacao.com\/1\/2019\/11\/27\/mestrado-em-educacao-da-ufcg-inscreve-para-selecao-ate-sexta-feira-e-oferece-26-vagas\/","title":{"rendered":"Mestrado em Educa\u00e7\u00e3o da UFCG inscreve para sele\u00e7\u00e3o at\u00e9 sexta-feira e oferece 26 vagas"},"content":{"rendered":"\n<p>O Mestrado em Educa\u00e7\u00e3o da Universidade Federal de Campina Grande (UFCG) est\u00e1 com oferta de 26 vagas. As inscri\u00e7\u00f5es ser\u00e3o encerradas na pr\u00f3xima sexta-feira (29).<\/p>\n\n\n\n<p>A sele\u00e7\u00e3o \u00e9 do Programa de P\u00f3s-Gradua\u00e7\u00e3o em Educa\u00e7\u00e3o (PPGEd) da UFCG, para o n\u00edvel de mestrado acad\u00eamico. S\u00e3o 26 vagas para as linhas de pesquisa Pol\u00edtica, Hist\u00f3ria e Gest\u00e3o Educacional, e Pr\u00e1ticas Educativas e Diversidade.<\/p>\n\n\n\n<p>As inscri\u00e7\u00f5es s\u00e3o realizadas exclusivamente pela internet, atrav\u00e9s do&nbsp;<a href=\"http:\/\/www.ppged.ufcg.edu.br\/\">site do PPGEd da UFCG<\/a>. \u00c9 necess\u00e1rio fazer o cadastro digital e anexar toda a documenta\u00e7\u00e3o comprobat\u00f3ria listada em edital.<\/p>\n\n\n\n<p><a href=\"https:\/\/www.clickpb.com.br\/media\/filer_public\/01\/55\/0155410e-2d45-4839-966a-f002c105c78a\/editalprpg_76-19_selecaomestradoppged.pdf\">Confira o edital do Mestrado em Educa\u00e7\u00e3o da UFCG<\/a><br><\/p>\n\n\n\n<p>A sele\u00e7\u00e3o ser\u00e1 feita em tr\u00eas etapas: an\u00e1lise do projeto de pesquisa, prova escrita e entrevista. O processo ocorrer\u00e1 entre os dias 11 de dezembro de 2019 e 5 de mar\u00e7o de 2020. O resultado final ser\u00e1 publicado no dia 12 de mar\u00e7o. As aulas ter\u00e3o in\u00edcio no dia 18 de mar\u00e7o.<\/p>\n\n\n\n<p>Mais informa\u00e7\u00f5es podem ser obtidas pelos telefones (83) 2101-1493 e 2101-5782, ou e-mail secretaria.mestrado.uaed@ufcg.edu.br.<\/p>\n","protected":false},"excerpt":{"rendered":"<p>O Mestrado em Educa\u00e7\u00e3o da Universidade Federal de Campina Grande (UFCG) est\u00e1 com oferta de 26 vagas. As inscri\u00e7\u00f5es ser\u00e3o encerradas na pr\u00f3xima sexta-feira (29).&hellip; <\/p>\n","protected":false},"author":1,"featured_media":109537,"comment_status":"closed","ping_status":"closed","sticky":false,"template":"","format":"standard","meta":{"sfsi_plus_gutenberg_text_before_share":"","sfsi_plus_gutenberg_show_text_before_share":"","sfsi_plus_gutenberg_icon_type":"","sfsi_plus_gutenberg_icon_alignemt":"","sfsi_plus_gutenburg_max_per_row":"","footnotes":""},"categories":[50,14],"tags":[],"class_list":["post-138252","post","type-post","status-publish","format-standard","has-post-thumbnail","hentry","category-destaque","category-educacao"],"_links":{"self":[{"href":"https:\/\/www.caririemacao.com\/1\/wp-json\/wp\/v2\/posts\/138252","targetHints":{"allow":["GET"]}}],"collection":[{"href":"https:\/\/www.caririemacao.com\/1\/wp-json\/wp\/v2\/posts"}],"about":[{"href":"https:\/\/www.caririemacao.com\/1\/wp-json\/wp\/v2\/types\/post"}],"author":[{"embeddable":true,"href":"https:\/\/www.caririemacao.com\/1\/wp-json\/wp\/v2\/users\/1"}],"replies":[{"embeddable":true,"href":"https:\/\/www.caririemacao.com\/1\/wp-json\/wp\/v2\/comments?post=138252"}],"version-history":[{"count":1,"href":"https:\/\/www.caririemacao.com\/1\/wp-json\/wp\/v2\/posts\/138252\/revisions"}],"predecessor-version":[{"id":138253,"href":"https:\/\/www.caririemacao.com\/1\/wp-json\/wp\/v2\/posts\/138252\/revisions\/138253"}],"wp:featuredmedia":[{"embeddable":true,"href":"https:\/\/www.caririemacao.com\/1\/wp-json\/wp\/v2\/media\/109537"}],"wp:attachment":[{"href":"https:\/\/www.caririemacao.com\/1\/wp-json\/wp\/v2\/media?parent=138252"}],"wp:term":[{"taxonomy":"category","embeddable":true,"href":"https:\/\/www.caririemacao.com\/1\/wp-json\/wp\/v2\/categories?post=138252"},{"taxonomy":"post_tag","embeddable":true,"href":"https:\/\/www.caririemacao.com\/1\/wp-json\/wp\/v2\/tags?post=138252"}],"curies":[{"name":"wp","href":"https:\/\/api.w.org\/{rel}","templated":true}]}}