{"id":138255,"date":"2019-11-27T16:24:18","date_gmt":"2019-11-27T19:24:18","guid":{"rendered":"http:\/\/www.caririemacao.com\/1\/?p=138255"},"modified":"2019-11-27T16:24:18","modified_gmt":"2019-11-27T19:24:18","slug":"declaracao-sobre-ai-5-e-inadmissivel-diz-alcolumbre-apos-fala-de-guedes","status":"publish","type":"post","link":"https:\/\/www.caririemacao.com\/1\/2019\/11\/27\/declaracao-sobre-ai-5-e-inadmissivel-diz-alcolumbre-apos-fala-de-guedes\/","title":{"rendered":"Declara\u00e7\u00e3o sobre AI-5 \u00e9 inadmiss\u00edvel, diz Alcolumbre ap\u00f3s fala de Guedes"},"content":{"rendered":"\n<p>Um dia depois das rea\u00e7\u00f5es de representantes do Congresso e do Judici\u00e1rio, o presidente do Senado, Davi Alcolumbre (DEM-AP), tamb\u00e9m condenou nesta quarta-feira (27) a declara\u00e7\u00e3o do ministro Paulo Guedes (Economia) sobre a poss\u00edvel edi\u00e7\u00e3o de um novo AI-5 no pa\u00eds em caso de radicaliza\u00e7\u00e3o de protestos de rua.<\/p>\n\n\n\n<p>&#8220;Vivemos tempos em que as institui\u00e7\u00f5es brasileiras t\u00eam que ser preservadas. \u00c9 inadmiss\u00edvel, a todo momento, uma declara\u00e7\u00e3o que remonta ao passado triste da nossa hist\u00f3ria, como o retorno do AI-5, vir \u00e0 tona. O caminho para a pr\u00e1tica da democracia \u00e9 o respeito ao pa\u00eds&#8221;, escreveu Alcolumbre&nbsp;<a href=\"https:\/\/twitter.com\/davialcolumbre\/status\/1199717186186752001\">no Twitter<\/a>.<\/p>\n\n\n\n<figure class=\"wp-block-image\"><img decoding=\"async\" src=\"https:\/\/www.clickpb.com.br\/media\/filer_public\/3d\/c5\/3dc5f2cb-c2bb-4ad9-859f-42d2808186d5\/blob\" alt=\"\"\/><\/figure>\n\n\n\n<p>O Ato Institucional n\u00famero 5 foi editado em 1968, no per\u00edodo mais duro da ditadura militar (1964-1985), resultando no fechamento do Congresso Nacional e renovando poderes conferidos ao presidente para cassar mandatos e suspender direitos pol\u00edticos.<\/p>\n\n\n\n<p>Na segunda-feira (25), em Washington, nos EUA, Guedes afirmou que &#8220;n\u00e3o \u00e9 poss\u00edvel se assustar com a ideia de algu\u00e9m pedir o AI-5 diante de uma poss\u00edvel radicaliza\u00e7\u00e3o dos protestos de rua no Brasil&#8221;.<\/p>\n\n\n\n<p>A fala do ministro da Economia provocou rea\u00e7\u00e3o de setores do Congresso e do Judici\u00e1rio logo no dia seguinte, incluindo manifesta\u00e7\u00f5es de rep\u00fadio do presidente do Supremo Tribunal Federal, Dias Toffoli, e do presidente da C\u00e2mara, deputado Rodrigo Maia (DEM-RJ).<\/p>\n\n\n\n<p>J\u00e1 Alcolumbre n\u00e3o havia comentado &#8211; nem por meio de nota nem ao fazer um pronunciamento a jornalistas sobre pris\u00e3o em segunda inst\u00e2ncia, no qual n\u00e3o possibilitou perguntas.<\/p>\n\n\n\n<p>Na ter\u00e7a (26), durante palestra, Guedes voltou ao tema, classificou manifesta\u00e7\u00f5es de rua como &#8220;uma bagun\u00e7a, uma convuls\u00e3o social&#8221; e pediu uma &#8220;democracia respons\u00e1vel&#8221; no pa\u00eds.&nbsp;<\/p>\n\n\n\n<p>O ministro disse que as pessoas podem sair \u00e0s ruas para reclamar seus direitos, desde que isso seja feito de forma pac\u00edfica. Caso contr\u00e1rio, afirmou, podem assustar investidores.<\/p>\n\n\n\n<p>&#8220;Eu acho que devemos praticar uma democracia respons\u00e1vel. Sabe como jogar o jogo da democracia? Espere a pr\u00f3xima elei\u00e7\u00e3o. N\u00e3o precisa quebrar a cidade. Acho que isso assusta os investidores, acho que n\u00e3o ajuda nem a oposi\u00e7\u00e3o, \u00e9 est\u00fapido&#8221;, disse.&nbsp;<\/p>\n\n\n\n<p>&#8220;Estamos transformando o Estado brasileiro. \u00c9 um trabalho dif\u00edcil. O que voc\u00eas est\u00e3o ouvindo &#8216;\u00e9 uma bagun\u00e7a, convuls\u00e3o social&#8217;, n\u00e3o prestem aten\u00e7\u00e3o. H\u00e1 uma democracia vibrante, a democracia brasileira nunca foi t\u00e3o forte, poderosa, vibrante, n\u00e3o h\u00e1 esc\u00e2ndalo de corrup\u00e7\u00e3o, os crimes ca\u00edram&#8221;, completou.<\/p>\n\n\n\n<p><strong>LEIA MAIS<\/strong>:&nbsp;<a href=\"https:\/\/www.clickpb.com.br\/economia\/fala-de-guedes-sobre-cambio-divide-opinioes-no-mercado-e-leva-dolar-r-424-272803.html\">Fala de Guedes sobre c\u00e2mbio divide opini\u00f5es no mercado e leva d\u00f3lar a R$ 4,24<\/a><\/p>\n\n\n\n<p>Frases antidemocr\u00e1ticas t\u00eam sido pauta quase constante no governo Bolsonaro. O pr\u00f3prio presidente afirmou, em entrevista ao jornalista Jos\u00e9 Luiz Datena em mar\u00e7o deste ano, que &#8220;n\u00e3o houve ditadura no Brasil&#8221;. Ele minimizou os problemas do per\u00edodo e disse que, como qualquer casamento, o regime teve alguns &#8220;probleminhas&#8221;.&nbsp;<\/p>\n\n\n\n<p>A declara\u00e7\u00e3o de Guedes fez refer\u00eancia \u00e0 convuls\u00e3o social e institucional em pa\u00edses da Am\u00e9rica Latina e a uma poss\u00edvel radicaliza\u00e7\u00e3o tamb\u00e9m no Brasil, motivada principalmente por declara\u00e7\u00e3o do ex-presidente Lula, que, ap\u00f3s ser solto, pediu &#8220;a presen\u00e7a do povo nas ruas&#8221;.<\/p>\n\n\n\n<p>O ministro afirmou na segunda-feira que declara\u00e7\u00f5es sobre a edi\u00e7\u00e3o de um novo AI-5 no Brasil, como a feita por um dos filhos de Jair Bolsonaro, o deputado Eduardo Bolsonaro (PSL-SP), s\u00e3o uma rea\u00e7\u00e3o ao que chamou de convoca\u00e7\u00f5es feitas pela esquerda.<\/p>\n\n\n\n<p>&#8220;Chamar o povo para a rua \u00e9 de uma irresponsabilidade. Chamar o povo para a rua para dizer que tem o poder, para tomar. Tomar como? A\u00ed o filho do presidente fala em AI-5, a\u00ed todo mundo assusta, fala o que que \u00e9? [&#8230;] A\u00ed bate mais no outro. \u00c9 isso o jogo? \u00c9 isso o que a gente quer? Eu acho uma insanidade chamar o povo para a rua para fazer bagun\u00e7a. Acho uma insanidade&#8221;, disse Guedes.<\/p>\n","protected":false},"excerpt":{"rendered":"<p>Um dia depois das rea\u00e7\u00f5es de representantes do Congresso e do Judici\u00e1rio, o presidente do Senado, Davi Alcolumbre (DEM-AP), tamb\u00e9m condenou nesta quarta-feira (27) a&hellip; <\/p>\n","protected":false},"author":1,"featured_media":119754,"comment_status":"closed","ping_status":"closed","sticky":false,"template":"","format":"standard","meta":{"sfsi_plus_gutenberg_text_before_share":"","sfsi_plus_gutenberg_show_text_before_share":"","sfsi_plus_gutenberg_icon_type":"","sfsi_plus_gutenberg_icon_alignemt":"","sfsi_plus_gutenburg_max_per_row":"","footnotes":""},"categories":[11],"tags":[],"class_list":["post-138255","post","type-post","status-publish","format-standard","has-post-thumbnail","hentry","category-politica"],"_links":{"self":[{"href":"https:\/\/www.caririemacao.com\/1\/wp-json\/wp\/v2\/posts\/138255","targetHints":{"allow":["GET"]}}],"collection":[{"href":"https:\/\/www.caririemacao.com\/1\/wp-json\/wp\/v2\/posts"}],"about":[{"href":"https:\/\/www.caririemacao.com\/1\/wp-json\/wp\/v2\/types\/post"}],"author":[{"embeddable":true,"href":"https:\/\/www.caririemacao.com\/1\/wp-json\/wp\/v2\/users\/1"}],"replies":[{"embeddable":true,"href":"https:\/\/www.caririemacao.com\/1\/wp-json\/wp\/v2\/comments?post=138255"}],"version-history":[{"count":1,"href":"https:\/\/www.caririemacao.com\/1\/wp-json\/wp\/v2\/posts\/138255\/revisions"}],"predecessor-version":[{"id":138256,"href":"https:\/\/www.caririemacao.com\/1\/wp-json\/wp\/v2\/posts\/138255\/revisions\/138256"}],"wp:featuredmedia":[{"embeddable":true,"href":"https:\/\/www.caririemacao.com\/1\/wp-json\/wp\/v2\/media\/119754"}],"wp:attachment":[{"href":"https:\/\/www.caririemacao.com\/1\/wp-json\/wp\/v2\/media?parent=138255"}],"wp:term":[{"taxonomy":"category","embeddable":true,"href":"https:\/\/www.caririemacao.com\/1\/wp-json\/wp\/v2\/categories?post=138255"},{"taxonomy":"post_tag","embeddable":true,"href":"https:\/\/www.caririemacao.com\/1\/wp-json\/wp\/v2\/tags?post=138255"}],"curies":[{"name":"wp","href":"https:\/\/api.w.org\/{rel}","templated":true}]}}