{"id":138270,"date":"2019-11-28T07:03:23","date_gmt":"2019-11-28T10:03:23","guid":{"rendered":"http:\/\/www.caririemacao.com\/1\/?p=138270"},"modified":"2019-11-28T07:03:23","modified_gmt":"2019-11-28T10:03:23","slug":"prefeitura-paraibana-anuncia-concurso-com-mais-de-mil-vagas-para-2020","status":"publish","type":"post","link":"https:\/\/www.caririemacao.com\/1\/2019\/11\/28\/prefeitura-paraibana-anuncia-concurso-com-mais-de-mil-vagas-para-2020\/","title":{"rendered":"Prefeitura paraibana anuncia concurso com mais de mil vagas para 2020"},"content":{"rendered":"\n<p>Em uma transmiss\u00e3o ao vivo pelas redes sociais, o prefeito de Jo\u00e3o Pessoa, Luciano Cartaxo, informou, na noite desta quarta-feira (27), que ser\u00e3o abertas 1.146 vagas por concurso p\u00fablico para 2020.<\/p>\n\n\n\n<p>O an\u00fancio integra a a\u00e7\u00e3o \u2018Cidade que tem mais oportunidades\u2019, que prev\u00ea um conjunto de medidas para o fortalecimento da capital paraibana nos pr\u00f3ximos meses. Entre os pontos j\u00e1 iniciados, est\u00e3o o calend\u00e1rio de eventos tur\u00edsticos e culturais, al\u00e9m da inje\u00e7\u00e3o de R$ 225 milh\u00f5es na economia em um intervalo de aproximadamente 30 dias, com a antecipa\u00e7\u00e3o do pagamento dos servidores municipais.<\/p>\n\n\n\n<p>O gestor informou que o quadro de vagas e de remunera\u00e7\u00f5es ser\u00e1 detalhado no Centro Administrativo Municipal (CAM), nesta quinta-feira (28), a partir das 9h.<\/p>\n\n\n\n<p>\u201cEm Jo\u00e3o Pessoa, temos compromisso com a carreira p\u00fablica. J\u00e1 contratamos mais de tr\u00eas mil e quinhentos servidores por concurso e vamos chegar \u00e0 marca de quase 5 mil profissionais que ir\u00e3o entrar pela porta da frente do servi\u00e7o p\u00fablico, respons\u00e1veis por um trabalho fundamental na vida da cidade e das pessoas\u201d, disse o prefeito durante a transmiss\u00e3o.<\/p>\n\n\n\n<p>De acordo com o secret\u00e1rio Lauro Montenegro, os editais de convoca\u00e7\u00e3o ser\u00e3o anunciados por \u00e1rea da administra\u00e7\u00e3o a partir do pr\u00f3ximo ano.<\/p>\n\n\n\n<p>\u201cTeremos um cronograma espec\u00edfico para a divulga\u00e7\u00e3o do edital. A inten\u00e7\u00e3o \u00e9 que todos os concursos sejam conclu\u00eddos ainda no ano que vem, atendendo \u00e0s novas demandas do munic\u00edpio\u201d, apontou. Montenegro refor\u00e7ou que o an\u00fancio ainda este ano vai permitir que as pessoas se preparem melhor para o processe seletivo. \u201cNos pr\u00f3ximos 90 dias conclu\u00edmos a contrata\u00e7\u00e3o de todas as empresas respons\u00e1veis pelos concursos, dando mais tempo de prepara\u00e7\u00e3o aos profissionais interessados em participar da sele\u00e7\u00e3o\u201d, disse.<\/p>\n","protected":false},"excerpt":{"rendered":"<p>Em uma transmiss\u00e3o ao vivo pelas redes sociais, o prefeito de Jo\u00e3o Pessoa, Luciano Cartaxo, informou, na noite desta quarta-feira (27), que ser\u00e3o abertas 1.146&hellip; <\/p>\n","protected":false},"author":1,"featured_media":138271,"comment_status":"closed","ping_status":"closed","sticky":false,"template":"","format":"standard","meta":{"sfsi_plus_gutenberg_text_before_share":"","sfsi_plus_gutenberg_show_text_before_share":"","sfsi_plus_gutenberg_icon_type":"","sfsi_plus_gutenberg_icon_alignemt":"","sfsi_plus_gutenburg_max_per_row":"","footnotes":""},"categories":[2],"tags":[],"class_list":["post-138270","post","type-post","status-publish","format-standard","has-post-thumbnail","hentry","category-geral"],"_links":{"self":[{"href":"https:\/\/www.caririemacao.com\/1\/wp-json\/wp\/v2\/posts\/138270","targetHints":{"allow":["GET"]}}],"collection":[{"href":"https:\/\/www.caririemacao.com\/1\/wp-json\/wp\/v2\/posts"}],"about":[{"href":"https:\/\/www.caririemacao.com\/1\/wp-json\/wp\/v2\/types\/post"}],"author":[{"embeddable":true,"href":"https:\/\/www.caririemacao.com\/1\/wp-json\/wp\/v2\/users\/1"}],"replies":[{"embeddable":true,"href":"https:\/\/www.caririemacao.com\/1\/wp-json\/wp\/v2\/comments?post=138270"}],"version-history":[{"count":1,"href":"https:\/\/www.caririemacao.com\/1\/wp-json\/wp\/v2\/posts\/138270\/revisions"}],"predecessor-version":[{"id":138272,"href":"https:\/\/www.caririemacao.com\/1\/wp-json\/wp\/v2\/posts\/138270\/revisions\/138272"}],"wp:featuredmedia":[{"embeddable":true,"href":"https:\/\/www.caririemacao.com\/1\/wp-json\/wp\/v2\/media\/138271"}],"wp:attachment":[{"href":"https:\/\/www.caririemacao.com\/1\/wp-json\/wp\/v2\/media?parent=138270"}],"wp:term":[{"taxonomy":"category","embeddable":true,"href":"https:\/\/www.caririemacao.com\/1\/wp-json\/wp\/v2\/categories?post=138270"},{"taxonomy":"post_tag","embeddable":true,"href":"https:\/\/www.caririemacao.com\/1\/wp-json\/wp\/v2\/tags?post=138270"}],"curies":[{"name":"wp","href":"https:\/\/api.w.org\/{rel}","templated":true}]}}