{"id":138286,"date":"2019-11-28T07:10:30","date_gmt":"2019-11-28T10:10:30","guid":{"rendered":"http:\/\/www.caririemacao.com\/1\/?p=138286"},"modified":"2019-11-28T07:10:30","modified_gmt":"2019-11-28T10:10:30","slug":"dei-carta-branca-para-guedes-e-chefe-do-bc-tratarem-de-dolar-diz-bolsonaro","status":"publish","type":"post","link":"https:\/\/www.caririemacao.com\/1\/2019\/11\/28\/dei-carta-branca-para-guedes-e-chefe-do-bc-tratarem-de-dolar-diz-bolsonaro\/","title":{"rendered":"Dei carta branca para Guedes e chefe do BC tratarem de d\u00f3lar, diz Bolsonaro"},"content":{"rendered":"\n<p>&nbsp;O presidente Jair Bolsonaro, em visita a Manaus nesta quarta-feira (27), evitou opinar sobre a alta do d\u00f3lar, que chegou nesta ter\u00e7a a R$ 4,241, um novo recorde nominal, mesmo ap\u00f3s duas interven\u00e7\u00f5es do Banco Central, e reafirmou colocar sua confian\u00e7a no trabalho do ministro Paulo Guedes (Economia) e em Roberto Campos Neto (Banco Central).<br><\/p>\n\n\n\n<p>&#8220;J\u00e1 falei para voc\u00eas que quem entende de economia \u00e9 o Paulo Guedes, o Pedro Guimar\u00e3es, o Roberto Campos. Eles que tratam deste assunto. Dei carta branca para eles. O Brasil tem que dar certo&#8221;, disse.<\/p>\n\n\n\n<p>Quanto ao d\u00f3lar alto, &#8220;bem mais de R$ 4&#8221;, o presidente disse que &#8220;tem pr\u00f3 e tem contra&#8221;.<\/p>\n\n\n\n<p>Uma declara\u00e7\u00e3o de Guedes na noite de segunda-feira (25), em Washington, provocou rea\u00e7\u00f5es do mercado na ter\u00e7a, com o d\u00f3lar chegando ao patamar de R$ 4,241.<\/p>\n\n\n\n<p>Guedes havia afirmado que \u00e9 bom o pa\u00eds se acostumar com o elevado patamar da moeda americana. &#8220;O d\u00f3lar est\u00e1 alto. Qual o problema? Zero. Nem infla\u00e7\u00e3o ele [d\u00f3lar alto] est\u00e1 causando&#8221;, disse. &#8220;\u00c9 bom se acostumar com juros baixos por um bom tempo e com o c\u00e2mbio mais alto por um bom tempo&#8221;.<\/p>\n\n\n\n<p>A instabilidade tamb\u00e9m ficou por conta da declara\u00e7\u00e3o de Guedes, quanto \u00e0 onda de protestos em pa\u00edses da Am\u00e9rica Latina, ao classificar de insanidade o ex-presidente Lula convocar manifesta\u00e7\u00f5es.&nbsp; &#8220;N\u00e3o se assustem ent\u00e3o se algu\u00e9m pedir o AI-5&#8221;, afirmou o ministro. Depois, com a rea\u00e7\u00e3o, afirmou que deseja apenas uma &#8220;democracia respons\u00e1vel&#8221;.<\/p>\n\n\n\n<p>Ainda em Manaus, Bolsonaro confirmou sua presen\u00e7a na reuni\u00e3o do Mercosul, em dezembro. O presidente j\u00e1 fez criticas a Alberto Fern\u00e1ndez, presidente eleito no pa\u00eds vizinho -Fern\u00e1ndez comemorou a soltura do ex-presidente Lula.&nbsp;<\/p>\n\n\n\n<p>&#8220;Nada contra a Argentina. Quero que Argentina d\u00ea certo, mas com an\u00fancio que j\u00e1 fez, congelamento de pre\u00e7o e aumento de sal\u00e1rio, eu acho que isso n\u00e3o deu certo em nenhum lugar do mundo&#8221;, afirmou.<br>&nbsp;&nbsp;<br>Bolsonaro disse que quer manter rela\u00e7\u00e3o pragm\u00e1tica com a Argentina, destacou as &#8220;boas rela\u00e7\u00f5es comerciais&#8221; com o Pa\u00eds e disse que, se depender dele, haver\u00e1 continuidade.&nbsp;<\/p>\n\n\n\n<p>&#8220;Teremos uma rela\u00e7\u00e3o pragm\u00e1tica com a Argentina. Acompanhamos o quadro eleitoral da Argentina. Voltou para a Argentina uma candidata, uma senhora que era presidente at\u00e9 pouco tempo e tinha rela\u00e7\u00f5es s\u00f3lidas com o Lula, com o Fidel Castro, com Maduro, com Morales. Com todo esse pessoal da Am\u00e9rica do Sul e que queria uma grande p\u00e1tria bolivariana, onde o respeito da liberdade inexistia&#8221;, disse.<\/p>\n","protected":false},"excerpt":{"rendered":"<p>&nbsp;O presidente Jair Bolsonaro, em visita a Manaus nesta quarta-feira (27), evitou opinar sobre a alta do d\u00f3lar, que chegou nesta ter\u00e7a a R$ 4,241,&hellip; <\/p>\n","protected":false},"author":1,"featured_media":137982,"comment_status":"closed","ping_status":"closed","sticky":false,"template":"","format":"standard","meta":{"sfsi_plus_gutenberg_text_before_share":"","sfsi_plus_gutenberg_show_text_before_share":"","sfsi_plus_gutenberg_icon_type":"","sfsi_plus_gutenberg_icon_alignemt":"","sfsi_plus_gutenburg_max_per_row":"","footnotes":""},"categories":[11],"tags":[],"class_list":["post-138286","post","type-post","status-publish","format-standard","has-post-thumbnail","hentry","category-politica"],"_links":{"self":[{"href":"https:\/\/www.caririemacao.com\/1\/wp-json\/wp\/v2\/posts\/138286","targetHints":{"allow":["GET"]}}],"collection":[{"href":"https:\/\/www.caririemacao.com\/1\/wp-json\/wp\/v2\/posts"}],"about":[{"href":"https:\/\/www.caririemacao.com\/1\/wp-json\/wp\/v2\/types\/post"}],"author":[{"embeddable":true,"href":"https:\/\/www.caririemacao.com\/1\/wp-json\/wp\/v2\/users\/1"}],"replies":[{"embeddable":true,"href":"https:\/\/www.caririemacao.com\/1\/wp-json\/wp\/v2\/comments?post=138286"}],"version-history":[{"count":1,"href":"https:\/\/www.caririemacao.com\/1\/wp-json\/wp\/v2\/posts\/138286\/revisions"}],"predecessor-version":[{"id":138287,"href":"https:\/\/www.caririemacao.com\/1\/wp-json\/wp\/v2\/posts\/138286\/revisions\/138287"}],"wp:featuredmedia":[{"embeddable":true,"href":"https:\/\/www.caririemacao.com\/1\/wp-json\/wp\/v2\/media\/137982"}],"wp:attachment":[{"href":"https:\/\/www.caririemacao.com\/1\/wp-json\/wp\/v2\/media?parent=138286"}],"wp:term":[{"taxonomy":"category","embeddable":true,"href":"https:\/\/www.caririemacao.com\/1\/wp-json\/wp\/v2\/categories?post=138286"},{"taxonomy":"post_tag","embeddable":true,"href":"https:\/\/www.caririemacao.com\/1\/wp-json\/wp\/v2\/tags?post=138286"}],"curies":[{"name":"wp","href":"https:\/\/api.w.org\/{rel}","templated":true}]}}