{"id":138296,"date":"2019-11-28T07:13:48","date_gmt":"2019-11-28T10:13:48","guid":{"rendered":"http:\/\/www.caririemacao.com\/1\/?p=138296"},"modified":"2019-11-28T07:13:48","modified_gmt":"2019-11-28T10:13:48","slug":"universidade-estadual-da-paraiba-retoma-aulas-em-17-de-fevereiro","status":"publish","type":"post","link":"https:\/\/www.caririemacao.com\/1\/2019\/11\/28\/universidade-estadual-da-paraiba-retoma-aulas-em-17-de-fevereiro\/","title":{"rendered":"Universidade Estadual da Para\u00edba retoma aulas em 17 de fevereiro"},"content":{"rendered":"\n<p>O Conselho de Ensino, Pesquisa e Extens\u00e3o (Consepe) da Universidade Estadual da Para\u00edba (UEPB) aprovou, na \u00faltima segunda-feira (25), o Calend\u00e1rio Acad\u00eamico referente ao per\u00edodo letivo 2020.1 da Institui\u00e7\u00e3o. Conforme definido pelos conselheiros, as aulas do pr\u00f3ximo semestre ter\u00e3o in\u00edcio no dia 17 de fevereiro e ser\u00e3o encerradas no dia 2 de julho, data que marca o final do prazo para reposi\u00e7\u00f5es e exames finais.<\/p>\n\n\n\n<p>A matr\u00edcula on-line dos estudantes veteranos ser\u00e1 realizada entre os dias 3 e 8 de fevereiro. O reajuste de matr\u00edcula on-line poder\u00e1 ser feito de 10 a 14 do mesmo m\u00eas e o reajuste de matr\u00edcula presencial de 17 a 21 de fevereiro. Os alunos de outras institui\u00e7\u00f5es de ensino superior que desejarem transferir seu curso para a UEPB poder\u00e3o solicitar a transfer\u00eancia entre os dias 20 e 31 de janeiro. O mesmo prazo ser\u00e1 dado para as solicita\u00e7\u00f5es de mudan\u00e7a de c\u00e2mpus dos alunos j\u00e1 matriculados na UEPB. Haver\u00e1 ainda prazo para inscri\u00e7\u00e3o para ingresso de graduados, tamb\u00e9m no per\u00edodo de 20 a 31 de janeiro.<\/p>\n\n\n\n<p>O Calend\u00e1rio Acad\u00eamico 2020.1 n\u00e3o estabelece prazos de matr\u00edculas de alunos novatos, uma vez que as datas de matr\u00edculas e chamadas da lista de espera do Sistema de Sele\u00e7\u00e3o Unificada (SiSU) seguem cronograma definido pelo Minist\u00e9rio da Educa\u00e7\u00e3o (MEC) e edital pr\u00f3prio do SiSU para a UEPB, que ser\u00e3o divulgados posteriormente. O calend\u00e1rio aprovado pelo Consepe pode ser conferido na \u00edntegra clicando AQUI. Outras informa\u00e7\u00f5es podem ser obtidas pelo telefone (83) 3315-3350.<\/p>\n","protected":false},"excerpt":{"rendered":"<p>O Conselho de Ensino, Pesquisa e Extens\u00e3o (Consepe) da Universidade Estadual da Para\u00edba (UEPB) aprovou, na \u00faltima segunda-feira (25), o Calend\u00e1rio Acad\u00eamico referente ao per\u00edodo&hellip; <\/p>\n","protected":false},"author":1,"featured_media":106694,"comment_status":"closed","ping_status":"closed","sticky":false,"template":"","format":"standard","meta":{"sfsi_plus_gutenberg_text_before_share":"","sfsi_plus_gutenberg_show_text_before_share":"","sfsi_plus_gutenberg_icon_type":"","sfsi_plus_gutenberg_icon_alignemt":"","sfsi_plus_gutenburg_max_per_row":"","footnotes":""},"categories":[2],"tags":[],"class_list":["post-138296","post","type-post","status-publish","format-standard","has-post-thumbnail","hentry","category-geral"],"_links":{"self":[{"href":"https:\/\/www.caririemacao.com\/1\/wp-json\/wp\/v2\/posts\/138296","targetHints":{"allow":["GET"]}}],"collection":[{"href":"https:\/\/www.caririemacao.com\/1\/wp-json\/wp\/v2\/posts"}],"about":[{"href":"https:\/\/www.caririemacao.com\/1\/wp-json\/wp\/v2\/types\/post"}],"author":[{"embeddable":true,"href":"https:\/\/www.caririemacao.com\/1\/wp-json\/wp\/v2\/users\/1"}],"replies":[{"embeddable":true,"href":"https:\/\/www.caririemacao.com\/1\/wp-json\/wp\/v2\/comments?post=138296"}],"version-history":[{"count":1,"href":"https:\/\/www.caririemacao.com\/1\/wp-json\/wp\/v2\/posts\/138296\/revisions"}],"predecessor-version":[{"id":138297,"href":"https:\/\/www.caririemacao.com\/1\/wp-json\/wp\/v2\/posts\/138296\/revisions\/138297"}],"wp:featuredmedia":[{"embeddable":true,"href":"https:\/\/www.caririemacao.com\/1\/wp-json\/wp\/v2\/media\/106694"}],"wp:attachment":[{"href":"https:\/\/www.caririemacao.com\/1\/wp-json\/wp\/v2\/media?parent=138296"}],"wp:term":[{"taxonomy":"category","embeddable":true,"href":"https:\/\/www.caririemacao.com\/1\/wp-json\/wp\/v2\/categories?post=138296"},{"taxonomy":"post_tag","embeddable":true,"href":"https:\/\/www.caririemacao.com\/1\/wp-json\/wp\/v2\/tags?post=138296"}],"curies":[{"name":"wp","href":"https:\/\/api.w.org\/{rel}","templated":true}]}}