{"id":138308,"date":"2019-11-28T07:20:23","date_gmt":"2019-11-28T10:20:23","guid":{"rendered":"http:\/\/www.caririemacao.com\/1\/?p=138308"},"modified":"2019-11-28T07:20:23","modified_gmt":"2019-11-28T10:20:23","slug":"selecao-feminina-de-futebol-tera-9-atletas-convocadas-pela-primeira-vez","status":"publish","type":"post","link":"https:\/\/www.caririemacao.com\/1\/2019\/11\/28\/selecao-feminina-de-futebol-tera-9-atletas-convocadas-pela-primeira-vez\/","title":{"rendered":"Sele\u00e7\u00e3o feminina de futebol ter\u00e1 9 atletas convocadas pela primeira vez"},"content":{"rendered":"\n<p>A t\u00e9cnica da sele\u00e7\u00e3o brasileira de futebol feminino, a sueca Pia Sundhage, anunciou nesta quarta-feira (27) o nome das jogadoras convocadas para o per\u00edodo de treinos, visando dois jogos contra o M\u00e9xico em dezembro, um deles na capital paulista e o outro no interior de S\u00e3o Paulo.<\/p>\n\n\n\n<p>Das 27 atletas convocadas, nove foram chamadas pela primeira vez, pela treinadora. A apresenta\u00e7\u00e3o ser\u00e1 no pr\u00f3ximo dia 2, em Teres\u00f3polis, Rio de Janeiro.<\/p>\n\n\n\n<p>Entre as novidades est\u00e3o as goleiras Luciana, Carla e Gabrielli; as defensoras Fernanda, Isabella e Bruna Calderan e as atacantes Cristiane e<br>Maria Eduarda.<\/p>\n\n\n\n<p>Outra convocada, a meia do Cor\u00ednthians Gabi Zanotti, foi eleita a melhor atacante do Campeonato Brasileiro de 2018. Atual campe\u00e3 da Libertadores, ela foi<br>tamb\u00e9m campe\u00e3 do Pan-Americano de Toronto, no Canad\u00e1, e participou da campanha na Copa do Mundo 2015.<\/p>\n\n\n\n<p>A estrela Marta n\u00e3o foi convocada desta vez devido a compromissos com patrocinadores.<\/p>\n","protected":false},"excerpt":{"rendered":"<p>A t\u00e9cnica da sele\u00e7\u00e3o brasileira de futebol feminino, a sueca Pia Sundhage, anunciou nesta quarta-feira (27) o nome das jogadoras convocadas para o per\u00edodo de&hellip; <\/p>\n","protected":false},"author":1,"featured_media":98989,"comment_status":"closed","ping_status":"closed","sticky":false,"template":"","format":"standard","meta":{"sfsi_plus_gutenberg_text_before_share":"","sfsi_plus_gutenberg_show_text_before_share":"","sfsi_plus_gutenberg_icon_type":"","sfsi_plus_gutenberg_icon_alignemt":"","sfsi_plus_gutenburg_max_per_row":"","footnotes":""},"categories":[13],"tags":[],"class_list":["post-138308","post","type-post","status-publish","format-standard","has-post-thumbnail","hentry","category-esportes"],"_links":{"self":[{"href":"https:\/\/www.caririemacao.com\/1\/wp-json\/wp\/v2\/posts\/138308","targetHints":{"allow":["GET"]}}],"collection":[{"href":"https:\/\/www.caririemacao.com\/1\/wp-json\/wp\/v2\/posts"}],"about":[{"href":"https:\/\/www.caririemacao.com\/1\/wp-json\/wp\/v2\/types\/post"}],"author":[{"embeddable":true,"href":"https:\/\/www.caririemacao.com\/1\/wp-json\/wp\/v2\/users\/1"}],"replies":[{"embeddable":true,"href":"https:\/\/www.caririemacao.com\/1\/wp-json\/wp\/v2\/comments?post=138308"}],"version-history":[{"count":1,"href":"https:\/\/www.caririemacao.com\/1\/wp-json\/wp\/v2\/posts\/138308\/revisions"}],"predecessor-version":[{"id":138309,"href":"https:\/\/www.caririemacao.com\/1\/wp-json\/wp\/v2\/posts\/138308\/revisions\/138309"}],"wp:featuredmedia":[{"embeddable":true,"href":"https:\/\/www.caririemacao.com\/1\/wp-json\/wp\/v2\/media\/98989"}],"wp:attachment":[{"href":"https:\/\/www.caririemacao.com\/1\/wp-json\/wp\/v2\/media?parent=138308"}],"wp:term":[{"taxonomy":"category","embeddable":true,"href":"https:\/\/www.caririemacao.com\/1\/wp-json\/wp\/v2\/categories?post=138308"},{"taxonomy":"post_tag","embeddable":true,"href":"https:\/\/www.caririemacao.com\/1\/wp-json\/wp\/v2\/tags?post=138308"}],"curies":[{"name":"wp","href":"https:\/\/api.w.org\/{rel}","templated":true}]}}