{"id":138313,"date":"2019-11-28T07:22:24","date_gmt":"2019-11-28T10:22:24","guid":{"rendered":"http:\/\/www.caririemacao.com\/1\/?p=138313"},"modified":"2019-11-28T07:22:24","modified_gmt":"2019-11-28T10:22:24","slug":"plataforma-eva-123-milhao-de-mulheres-foram-agredidas-no-brasil-entre-2010-e-2017","status":"publish","type":"post","link":"https:\/\/www.caririemacao.com\/1\/2019\/11\/28\/plataforma-eva-123-milhao-de-mulheres-foram-agredidas-no-brasil-entre-2010-e-2017\/","title":{"rendered":"Plataforma EVA: 1,23 milh\u00e3o de mulheres foram agredidas no Brasil entre 2010 e 2017"},"content":{"rendered":"\n<p>N\u00e3o s\u00e3o poucos os desafios diante do n\u00famero crescente de casos de viol\u00eancia contra a mulher. Mas a busca por medidas efetivas de combate a este crime acaba esbarrando em problemas como a aus\u00eancia de dados oficiais que retratem a realidade. A lacuna de informa\u00e7\u00f5es referentes a esse tema mereceu destaque na Plataforma EVA, Evid\u00eancias sobre Viol\u00eancias e Alternativas para Mulheres, lan\u00e7ada pelo Instituto Igarap\u00e9.<\/p>\n\n\n\n<p><br>A ferramenta \u00e9 resultado de um trabalho de cerca de um ano e re\u00fane n\u00fameros que incluem diferentes tipos de viol\u00eancia sofrida pela popula\u00e7\u00e3o feminina no Brasil, M\u00e9xico e Col\u00f4mbia. Juntos, os tr\u00eas pa\u00edses s\u00e3o respons\u00e1veis por 65% de todos os assassinatos de mulheres da Am\u00e9rica Latina.<\/p>\n\n\n\n<p>Os dados, in\u00e9ditos em sua maioria, foram listados por idade, ra\u00e7a e instrumento utilizado para praticar a agress\u00e3o.<\/p>\n\n\n\n<p><br>A pesquisadora do Instituto Igarap\u00e9, Carolina Taboada, ressalta que, al\u00e9m da subnotifica\u00e7\u00e3o, a falha na produ\u00e7\u00e3o de informa\u00e7\u00f5es qualificadas dificulta o desenvolvimento de pol\u00edticas de preven\u00e7\u00e3o.<\/p>\n\n\n\n<p><br>\u201cFoi um processo bem longo de solicita\u00e7\u00e3o desses dados, que mostrou pra gente uma s\u00e9rie de falhas na produ\u00e7\u00e3o desses dados, o que a gente considera uma primeira informa\u00e7\u00e3o bem importante que essa plataforma tr\u00e1s, que s\u00e3o as falhas na produ\u00e7\u00e3o dos dados em primeiro lugar. \u00c9 muito dif\u00edcil voc\u00ea fazer uma pol\u00edtica p\u00fablica eficiente se voc\u00ea n\u00e3o conhece a din\u00e2mica do crime e os padr\u00f5es dele. Ent\u00e3o a gente quer chamar aten\u00e7\u00e3o para essas lacunas\u201d<\/p>\n\n\n\n<p><br>Outro ponto que chamou a aten\u00e7\u00e3o durante o processo de produ\u00e7\u00e3o da plataforma, segundo a pesquisadora, foi o fato de que, na maioria dos casos, o agressor \u00e9 companheiro da v\u00edtima ou algu\u00e9m pr\u00f3ximo.<\/p>\n\n\n\n<p><br>\u201cNos tr\u00eas pa\u00edses, na maior parte dos casos os respons\u00e1veis pela viol\u00eancia s\u00e3o pessoas pr\u00f3ximas. No M\u00e9xico, os companheiros s\u00e3o 80% dos agressores das mulheres. Na Col\u00f4mbia s\u00e3o 441 mil casos. S\u00f3 no Brasil foram mais de 1,2 milh\u00e3o de mulheres atendidas no Sistema de Sa\u00fade por algum tipo de agress\u00e3o desde 2010, e no Brasil 36% dos agressores s\u00e3o os companheiros\u201d.<\/p>\n\n\n\n<p><br>As informa\u00e7\u00f5es, extra\u00eddas dos Sistemas de Sa\u00fade e Seguran\u00e7a p\u00fablicos, mostram que as mulheres s\u00e3o as maiores v\u00edtimas de todos os tipos de viol\u00eancia, \u00e0 exce\u00e7\u00e3o do homic\u00eddio. A pesquisadora Carolina Taboada explica que o feminic\u00eddio \u00e9, geralmente, precedido de outros tipos de viol\u00eancia, cen\u00e1rio tamb\u00e9m exposto pela ferramenta.<\/p>\n\n\n\n<p><br>\u201cNormalmente, quando se chega \u00e0 via da agress\u00e3o f\u00edsica ou ao ponto mais extremo do assassinato, j\u00e1 houve agress\u00e3o psicol\u00f3gica, agress\u00e3o moral. Ent\u00e3o \u00e9 uma viol\u00eancia que escala e precisa ser interrompida antes de chegar num ponto mais grave. E essa ferramenta pretende mostrar isso, tamb\u00e9m. Uma parte importante de enfrentar esse desafio \u00e9 falar sobre isso. Entender que as mulheres n\u00e3o tem culpa pela viol\u00eancia que elas sofrem, e que a culpa \u00e9 sempre do agressor\u201d.<\/p>\n\n\n\n<p><br>De acordo com o Instituto Igarap\u00e9, organiza\u00e7\u00e3o que elabora pesquisas e prop\u00f5e pol\u00edticas sobre seguran\u00e7a, justi\u00e7a e desenvolvimento, as informa\u00e7\u00f5es ser\u00e3o atualizadas periodicamente e estar\u00e3o dispon\u00edveis para&nbsp;<a href=\"https:\/\/eva.igarape.org.br\/\">consulta p\u00fablica<\/a>.<\/p>\n","protected":false},"excerpt":{"rendered":"<p>N\u00e3o s\u00e3o poucos os desafios diante do n\u00famero crescente de casos de viol\u00eancia contra a mulher. Mas a busca por medidas efetivas de combate a&hellip; <\/p>\n","protected":false},"author":1,"featured_media":119178,"comment_status":"closed","ping_status":"closed","sticky":false,"template":"","format":"standard","meta":{"sfsi_plus_gutenberg_text_before_share":"","sfsi_plus_gutenberg_show_text_before_share":"","sfsi_plus_gutenberg_icon_type":"","sfsi_plus_gutenberg_icon_alignemt":"","sfsi_plus_gutenburg_max_per_row":"","footnotes":""},"categories":[2],"tags":[],"class_list":["post-138313","post","type-post","status-publish","format-standard","has-post-thumbnail","hentry","category-geral"],"_links":{"self":[{"href":"https:\/\/www.caririemacao.com\/1\/wp-json\/wp\/v2\/posts\/138313","targetHints":{"allow":["GET"]}}],"collection":[{"href":"https:\/\/www.caririemacao.com\/1\/wp-json\/wp\/v2\/posts"}],"about":[{"href":"https:\/\/www.caririemacao.com\/1\/wp-json\/wp\/v2\/types\/post"}],"author":[{"embeddable":true,"href":"https:\/\/www.caririemacao.com\/1\/wp-json\/wp\/v2\/users\/1"}],"replies":[{"embeddable":true,"href":"https:\/\/www.caririemacao.com\/1\/wp-json\/wp\/v2\/comments?post=138313"}],"version-history":[{"count":1,"href":"https:\/\/www.caririemacao.com\/1\/wp-json\/wp\/v2\/posts\/138313\/revisions"}],"predecessor-version":[{"id":138314,"href":"https:\/\/www.caririemacao.com\/1\/wp-json\/wp\/v2\/posts\/138313\/revisions\/138314"}],"wp:featuredmedia":[{"embeddable":true,"href":"https:\/\/www.caririemacao.com\/1\/wp-json\/wp\/v2\/media\/119178"}],"wp:attachment":[{"href":"https:\/\/www.caririemacao.com\/1\/wp-json\/wp\/v2\/media?parent=138313"}],"wp:term":[{"taxonomy":"category","embeddable":true,"href":"https:\/\/www.caririemacao.com\/1\/wp-json\/wp\/v2\/categories?post=138313"},{"taxonomy":"post_tag","embeddable":true,"href":"https:\/\/www.caririemacao.com\/1\/wp-json\/wp\/v2\/tags?post=138313"}],"curies":[{"name":"wp","href":"https:\/\/api.w.org\/{rel}","templated":true}]}}