{"id":138317,"date":"2019-11-28T07:23:50","date_gmt":"2019-11-28T10:23:50","guid":{"rendered":"http:\/\/www.caririemacao.com\/1\/?p=138317"},"modified":"2019-11-28T07:23:50","modified_gmt":"2019-11-28T10:23:50","slug":"homem-e-assassinado-com-varios-tiros-na-paraiba","status":"publish","type":"post","link":"https:\/\/www.caririemacao.com\/1\/2019\/11\/28\/homem-e-assassinado-com-varios-tiros-na-paraiba\/","title":{"rendered":"Homem \u00e9 assassinado com v\u00e1rios tiros na Para\u00edba"},"content":{"rendered":"\n<p>Um homem, de 28 anos foi assassinado, na noite desta quarta-feira (27), com v\u00e1rios tiros, na cidade de Desterro, na Para\u00edba. Wagner Ferreira estava em uma moto quando foi surpreendido por dois homens encapuzados.<\/p>\n\n\n\n<p>Os suspeitos estavam em uma moto e efetuaram os disparos. Ap\u00f3s o crime,&nbsp; os suspeitos fugiram.<\/p>\n\n\n\n<p>A v\u00edtima morreu ainda no local.<\/p>\n\n\n\n<p>A Pol\u00edcia ainda n\u00e3osabe informar o que motivou o crime, nem quem seriam os autores.<\/p>\n","protected":false},"excerpt":{"rendered":"<p>Um homem, de 28 anos foi assassinado, na noite desta quarta-feira (27), com v\u00e1rios tiros, na cidade de Desterro, na Para\u00edba. Wagner Ferreira estava em&hellip; <\/p>\n","protected":false},"author":1,"featured_media":89162,"comment_status":"closed","ping_status":"closed","sticky":false,"template":"","format":"standard","meta":{"sfsi_plus_gutenberg_text_before_share":"","sfsi_plus_gutenberg_show_text_before_share":"","sfsi_plus_gutenberg_icon_type":"","sfsi_plus_gutenberg_icon_alignemt":"","sfsi_plus_gutenburg_max_per_row":"","footnotes":""},"categories":[12],"tags":[],"class_list":["post-138317","post","type-post","status-publish","format-standard","has-post-thumbnail","hentry","category-policia"],"_links":{"self":[{"href":"https:\/\/www.caririemacao.com\/1\/wp-json\/wp\/v2\/posts\/138317","targetHints":{"allow":["GET"]}}],"collection":[{"href":"https:\/\/www.caririemacao.com\/1\/wp-json\/wp\/v2\/posts"}],"about":[{"href":"https:\/\/www.caririemacao.com\/1\/wp-json\/wp\/v2\/types\/post"}],"author":[{"embeddable":true,"href":"https:\/\/www.caririemacao.com\/1\/wp-json\/wp\/v2\/users\/1"}],"replies":[{"embeddable":true,"href":"https:\/\/www.caririemacao.com\/1\/wp-json\/wp\/v2\/comments?post=138317"}],"version-history":[{"count":1,"href":"https:\/\/www.caririemacao.com\/1\/wp-json\/wp\/v2\/posts\/138317\/revisions"}],"predecessor-version":[{"id":138318,"href":"https:\/\/www.caririemacao.com\/1\/wp-json\/wp\/v2\/posts\/138317\/revisions\/138318"}],"wp:featuredmedia":[{"embeddable":true,"href":"https:\/\/www.caririemacao.com\/1\/wp-json\/wp\/v2\/media\/89162"}],"wp:attachment":[{"href":"https:\/\/www.caririemacao.com\/1\/wp-json\/wp\/v2\/media?parent=138317"}],"wp:term":[{"taxonomy":"category","embeddable":true,"href":"https:\/\/www.caririemacao.com\/1\/wp-json\/wp\/v2\/categories?post=138317"},{"taxonomy":"post_tag","embeddable":true,"href":"https:\/\/www.caririemacao.com\/1\/wp-json\/wp\/v2\/tags?post=138317"}],"curies":[{"name":"wp","href":"https:\/\/api.w.org\/{rel}","templated":true}]}}