{"id":138332,"date":"2019-11-28T07:30:10","date_gmt":"2019-11-28T10:30:10","guid":{"rendered":"http:\/\/www.caririemacao.com\/1\/?p=138332"},"modified":"2019-11-28T07:30:10","modified_gmt":"2019-11-28T10:30:10","slug":"pena-imposta-a-lula-no-caso-do-sitio-pode-deixa-lo-por-mais-3-anos-na-prisao","status":"publish","type":"post","link":"https:\/\/www.caririemacao.com\/1\/2019\/11\/28\/pena-imposta-a-lula-no-caso-do-sitio-pode-deixa-lo-por-mais-3-anos-na-prisao\/","title":{"rendered":"Pena imposta a Lula no caso do s\u00edtio pode deix\u00e1-lo por mais 3 anos na pris\u00e3o"},"content":{"rendered":"\n<p>Caso as penas atuais do ex-presidente Luiz In\u00e1cio Lula da Silva sejam mantidas em decis\u00f5es de \u00faltima inst\u00e2ncia, ele ainda ter\u00e1 que cumprir cerca de dois anos e nove meses de pris\u00e3o em regime fechado.<br>Nesta quarta-feira (27), a oitava turma do TRF-4 (Tribunal Regional Federal da 4\u00aa Regi\u00e3o) aumentou, por unanimidade, a pena do ex-presidente no processo do s\u00edtio de Atibaia (SP) para 17 anos, um m\u00eas e 10 dias.<\/p>\n\n\n\n<p>O ex-presidente foi condenado por corrup\u00e7\u00e3o e lavagem de dinheiro sob acusa\u00e7\u00e3o de ter sido beneficiado em R$ 1,02 milh\u00e3o em benfeitorias no s\u00edtio, frequentado por ele e seus familiares. As reformas teriam sido pagas pelas empreiteiras Odebrecht e OAS.&nbsp;<br>Neste caso, em primeira inst\u00e2ncia, a ju\u00edza Gabriela Hardt sentenciou Lula a 12 anos e 11 meses de pris\u00e3o. A defesa recorreu, e o TRF-4, sediado em Porto Alegre, elevou agora a condena\u00e7\u00e3o. O ex-presidente sempre negou as acusa\u00e7\u00f5es.<\/p>\n\n\n\n<p>A hip\u00f3tese de Lula ficar na pris\u00e3o por mais quase tr\u00eas anos depende de que a pena atual do primeiro processo, do tr\u00edplex em Guaruj\u00e1 (SP), seja mantida pelo Supremo Tribunal Federal. Esse caso j\u00e1 foi julgado pelo STJ (Superior Tribunal de Justi\u00e7a), que definiu a condena\u00e7\u00e3o do petista em oito anos, dez meses e 20 dias.<\/p>\n\n\n\n<p>Tamb\u00e9m dependeria de futuros julgamentos do processo do s\u00edtio no pr\u00f3prio TRF-4, que ainda pode acatar recursos da defesa de Lula, e dos dois tribunais superiores.<br>Normalmente, ap\u00f3s duas decis\u00f5es judiciais contra um r\u00e9u condenado transitarem em todas as inst\u00e2ncias, elas s\u00e3o unificadas por um juiz de execu\u00e7\u00e3o penal.<\/p>\n\n\n\n<p>Caso o valor atual seja o total da pena, ele teria que cumprir um sexto dela em regime fechado. Nesse c\u00e1lculo de dois anos e nove meses j\u00e1 est\u00e3o descontados os 580 dias que Lula ficou preso na sede da Pol\u00edcia Federal em Curitiba -isso pelo caso do tr\u00edplex de Guaruj\u00e1.<\/p>\n\n\n\n<p>A progress\u00e3o para o regime semiaberto -quando o preso pode trabalhar ou estudar durante o dia e voltar \u00e0 pris\u00e3o \u00e0 noite- acontece com um sexto de cumprimento da pena. Muitas vezes na Lava Jato, o semiaberto tem sido cumprido em casa, com uso de tornozeleira eletr\u00f4nica. J\u00e1 a liberdade condicional pode ser concedida a partir de um ter\u00e7o da pena.<\/p>\n\n\n\n<p>&#8220;Quando existem duas condena\u00e7\u00f5es, haver\u00e1 um momento, na fase da execu\u00e7\u00e3o, que o juiz da VEP [vara de execu\u00e7\u00e3o penal] vai fazer um procedimento chamado &#8216;unifica\u00e7\u00e3o de penas&#8217;. Deste montante total, ser\u00e3o calculados os benef\u00edcios da execu\u00e7\u00e3o, inclusive o um sexto da progress\u00e3o&#8221;, diz, em tese, o advogado Marcelo Lebre, professor de direito penal em diversas institui\u00e7\u00f5es, como a Escola da Magistratura Federal.<\/p>\n\n\n\n<p>Segundo ele, o fato de Lula ter mais de 70 anos n\u00e3o influencia na condena\u00e7\u00e3o &#8211; apenas na fixa\u00e7\u00e3o da pena pelos ju\u00edzes e em eventual prescri\u00e7\u00e3o das acusa\u00e7\u00f5es julgadas. H\u00e1 ainda outra vari\u00e1vel: o ac\u00famulo de condena\u00e7\u00f5es pode modificar o tempo de contagem da progress\u00e3o da pena.<\/p>\n\n\n\n<p><strong>LEIA MAIS<\/strong>:&nbsp;<a href=\"https:\/\/www.clickpb.com.br\/politica\/tribunal-forma-maioria-para-ignorar-stf-e-condenar-lula-em-caso-do-sitio-de-atibaia-272882.html\">Tribunal forma maioria para ignorar STF e condenar Lula em caso do s\u00edtio de Atibaia<\/a><br><\/p>\n\n\n\n<p>Al\u00e9m dos casos do tr\u00edplex e do s\u00edtio, Lula \u00e9 r\u00e9u em mais sete a\u00e7\u00f5es, nas Justi\u00e7as Federais do Paran\u00e1, Distrito Federal e S\u00e3o Paulo. Em todos os casos, sua defesa afirma que ele n\u00e3o cometeu nenhuma irregularidade.<\/p>\n\n\n\n<p>Nesta quarta, al\u00e9m de aumentar a pena de Lula, o TRF-4 ignorou decis\u00e3o do STF que anulou duas condena\u00e7\u00f5es da Lava Jato.<\/p>\n\n\n\n<p>Os ju\u00edzes Jo\u00e3o Pedro Gebran Neto, relator do processo, Leandro Paulsen e Carlos Eduardo Thompson Flores rejeitaram anular a senten\u00e7a que condenou Lula a 12 anos e 11 meses de pris\u00e3o por ter aceito benfeitorias no s\u00edtio em troca de favorecimento a empreiteiras em contratos da Petrobras.<\/p>\n\n\n\n<p>Os tr\u00eas ju\u00edzes votaram por ampliar a pena do petista para 17 anos, um m\u00eas e dez dias de pris\u00e3o.<\/p>\n\n\n\n<p>A decis\u00e3o do TRF, por\u00e9m, em nada muda duas situa\u00e7\u00f5es neste momento: Lula segue solto e aguardando dos t\u00e9rminos de todos os recursos e continua impedido de disputar elei\u00e7\u00f5es, j\u00e1 que foi enquadrado na Lei da Ficha Limpa j\u00e1 na condena\u00e7\u00e3o em segunda inst\u00e2ncia no caso do tr\u00edplex de Guaruj\u00e1.<\/p>\n\n\n\n<p>Ao votarem, Gebran e Paulsen ignoraram decis\u00e3o de outubro do STF, que reconheceu que os r\u00e9us que n\u00e3o fecharam acordo de colabora\u00e7\u00e3o devem se manifestar por \u00faltimo na etapa de alega\u00e7\u00f5es finais como forma de assegurar o direito a ampla defesa. Isso n\u00e3o aconteceu no caso do s\u00edtio.<\/p>\n\n\n\n<p>No entanto, os ministros do Supremo n\u00e3o terminaram o julgamento. Ficou em aberto a discuss\u00e3o sobre poss\u00edveis restri\u00e7\u00f5es ao alcance da decis\u00e3o, a fim de evitar uma avalanche de anula\u00e7\u00f5es de senten\u00e7as.<\/p>\n","protected":false},"excerpt":{"rendered":"<p>Caso as penas atuais do ex-presidente Luiz In\u00e1cio Lula da Silva sejam mantidas em decis\u00f5es de \u00faltima inst\u00e2ncia, ele ainda ter\u00e1 que cumprir cerca de&hellip; <\/p>\n","protected":false},"author":1,"featured_media":102212,"comment_status":"closed","ping_status":"closed","sticky":false,"template":"","format":"standard","meta":{"sfsi_plus_gutenberg_text_before_share":"","sfsi_plus_gutenberg_show_text_before_share":"","sfsi_plus_gutenberg_icon_type":"","sfsi_plus_gutenberg_icon_alignemt":"","sfsi_plus_gutenburg_max_per_row":"","footnotes":""},"categories":[2],"tags":[],"class_list":["post-138332","post","type-post","status-publish","format-standard","has-post-thumbnail","hentry","category-geral"],"_links":{"self":[{"href":"https:\/\/www.caririemacao.com\/1\/wp-json\/wp\/v2\/posts\/138332","targetHints":{"allow":["GET"]}}],"collection":[{"href":"https:\/\/www.caririemacao.com\/1\/wp-json\/wp\/v2\/posts"}],"about":[{"href":"https:\/\/www.caririemacao.com\/1\/wp-json\/wp\/v2\/types\/post"}],"author":[{"embeddable":true,"href":"https:\/\/www.caririemacao.com\/1\/wp-json\/wp\/v2\/users\/1"}],"replies":[{"embeddable":true,"href":"https:\/\/www.caririemacao.com\/1\/wp-json\/wp\/v2\/comments?post=138332"}],"version-history":[{"count":1,"href":"https:\/\/www.caririemacao.com\/1\/wp-json\/wp\/v2\/posts\/138332\/revisions"}],"predecessor-version":[{"id":138333,"href":"https:\/\/www.caririemacao.com\/1\/wp-json\/wp\/v2\/posts\/138332\/revisions\/138333"}],"wp:featuredmedia":[{"embeddable":true,"href":"https:\/\/www.caririemacao.com\/1\/wp-json\/wp\/v2\/media\/102212"}],"wp:attachment":[{"href":"https:\/\/www.caririemacao.com\/1\/wp-json\/wp\/v2\/media?parent=138332"}],"wp:term":[{"taxonomy":"category","embeddable":true,"href":"https:\/\/www.caririemacao.com\/1\/wp-json\/wp\/v2\/categories?post=138332"},{"taxonomy":"post_tag","embeddable":true,"href":"https:\/\/www.caririemacao.com\/1\/wp-json\/wp\/v2\/tags?post=138332"}],"curies":[{"name":"wp","href":"https:\/\/api.w.org\/{rel}","templated":true}]}}