{"id":138338,"date":"2019-11-28T08:00:35","date_gmt":"2019-11-28T11:00:35","guid":{"rendered":"http:\/\/www.caririemacao.com\/1\/?p=138338"},"modified":"2019-11-28T08:00:35","modified_gmt":"2019-11-28T11:00:35","slug":"caraubas-cultural-vai-comecar-um-dos-maiores-eventos-do-calendario-turistico-do-municipio","status":"publish","type":"post","link":"https:\/\/www.caririemacao.com\/1\/2019\/11\/28\/caraubas-cultural-vai-comecar-um-dos-maiores-eventos-do-calendario-turistico-do-municipio\/","title":{"rendered":"Cara\u00fabas cultural: vai come\u00e7ar um dos maiores eventos do calend\u00e1rio tur\u00edstico do munic\u00edpio"},"content":{"rendered":"\n<p>A Prefeitura Municipal de Cara\u00fabas atrav\u00e9s da Secretaria da Assist\u00eancia Social e a SETur \u2013 Secretaria do Turismo realizaram de 3 a 7 de Dezembro de 2019, a primeira edi\u00e7\u00e3o do Cara\u00fabas Cultural, envolvendo cinema, poesia, dan\u00e7a, teatro, artesanato e m\u00fasica.<br>\nA secret\u00e1ria da Assist\u00eancia Social, Fl\u00e1via Quirino, disse que este evento na verdade era o antigo Noite Cultural promovido pela SEMAS, mas devido ao crescimento do evento e a necessidade de alcan\u00e7ar outras \u00e1reas de interesse cultural e tur\u00edstico, se fez necess\u00e1rio repensar o evento anterior e criarmos um novo cen\u00e1rio para a extinta noite cultural.<br>\nFl\u00e1via Quirino explicou que em virtude do aumento dessa demanda se fez necess\u00e1rio tamb\u00e9m fechar outras parcerias importantes com a SETur, Universidades p\u00fablicas e outras secretarias municipais, com o objetivo de aglutinar mais investimentos e capta\u00e7\u00e3o de m\u00e3o de obra para a realiza\u00e7\u00e3o do evento, afirmou ela.<br>\nDe acordo com a programa\u00e7\u00e3o nos dias 3 e 4\/12, haver\u00e1 mini curso de cinema aberto para a participa\u00e7\u00e3o de jovens e adolescentes a partir dos 15 anos, com inscri\u00e7\u00f5es antecipadas a serem realizadas na SEMAS. Durante o mini curso ser\u00e3o ministradas oficinas de cinema e filmagens.<br>\nJ\u00e1 no dia 5\/12, haver\u00e1 a oficina de Literatura de Cordel do projeto Asas da Leitura, com 50(cinquenta) vagas dispon\u00edveis para o mesmo p\u00fablico indicado anteriormente, ou seja, jovens e adolescentes acima dos 15 anos. Durante a realiza\u00e7\u00e3o da Oficina haver\u00e1 produ\u00e7\u00e3o textual de poesia e cordel. No per\u00edodo noturno acontecer\u00e1 a solenidade de abertura oficial do Cara\u00fabas Cultural com a participa\u00e7\u00e3o de autoridades e convidados especiais, bem como, de familiares dos participantes do Servi\u00e7o de Conviv\u00eancia e Fortalecimento de V\u00ednculos \u2013 SCFV, a partir das 19h., no Clube Recreativo 5 de Maio.<br>\nNo dia 6\/12, ser\u00e1 a vez da oficina de Arte e Pintura. Nessa modalidade est\u00e3o dispon\u00edveis 50(cinquenta) vagas para crian\u00e7as, adolescentes e jovens. O encerramento do Cara\u00fabas Cultural acontece no s\u00e1bado dia 7\/12<\/p>\n\n\n\n<p>Fonte: SEPLACOM<br>\nFoto: Arquivo SEMAS<\/p>\n","protected":false},"excerpt":{"rendered":"<p>A Prefeitura Municipal de Cara\u00fabas atrav\u00e9s da Secretaria da Assist\u00eancia Social e a SETur \u2013 Secretaria do Turismo realizaram de 3 a 7 de Dezembro&hellip; <\/p>\n","protected":false},"author":1,"featured_media":138339,"comment_status":"closed","ping_status":"closed","sticky":false,"template":"","format":"standard","meta":{"sfsi_plus_gutenberg_text_before_share":"","sfsi_plus_gutenberg_show_text_before_share":"","sfsi_plus_gutenberg_icon_type":"","sfsi_plus_gutenberg_icon_alignemt":"","sfsi_plus_gutenburg_max_per_row":"","footnotes":""},"categories":[6,50],"tags":[],"class_list":["post-138338","post","type-post","status-publish","format-standard","has-post-thumbnail","hentry","category-cidades","category-destaque"],"_links":{"self":[{"href":"https:\/\/www.caririemacao.com\/1\/wp-json\/wp\/v2\/posts\/138338","targetHints":{"allow":["GET"]}}],"collection":[{"href":"https:\/\/www.caririemacao.com\/1\/wp-json\/wp\/v2\/posts"}],"about":[{"href":"https:\/\/www.caririemacao.com\/1\/wp-json\/wp\/v2\/types\/post"}],"author":[{"embeddable":true,"href":"https:\/\/www.caririemacao.com\/1\/wp-json\/wp\/v2\/users\/1"}],"replies":[{"embeddable":true,"href":"https:\/\/www.caririemacao.com\/1\/wp-json\/wp\/v2\/comments?post=138338"}],"version-history":[{"count":1,"href":"https:\/\/www.caririemacao.com\/1\/wp-json\/wp\/v2\/posts\/138338\/revisions"}],"predecessor-version":[{"id":138340,"href":"https:\/\/www.caririemacao.com\/1\/wp-json\/wp\/v2\/posts\/138338\/revisions\/138340"}],"wp:featuredmedia":[{"embeddable":true,"href":"https:\/\/www.caririemacao.com\/1\/wp-json\/wp\/v2\/media\/138339"}],"wp:attachment":[{"href":"https:\/\/www.caririemacao.com\/1\/wp-json\/wp\/v2\/media?parent=138338"}],"wp:term":[{"taxonomy":"category","embeddable":true,"href":"https:\/\/www.caririemacao.com\/1\/wp-json\/wp\/v2\/categories?post=138338"},{"taxonomy":"post_tag","embeddable":true,"href":"https:\/\/www.caririemacao.com\/1\/wp-json\/wp\/v2\/tags?post=138338"}],"curies":[{"name":"wp","href":"https:\/\/api.w.org\/{rel}","templated":true}]}}