{"id":138343,"date":"2019-11-28T09:21:42","date_gmt":"2019-11-28T12:21:42","guid":{"rendered":"http:\/\/www.caririemacao.com\/1\/?p=138343"},"modified":"2019-11-28T09:21:42","modified_gmt":"2019-11-28T12:21:42","slug":"corpo-de-gugu-liberato-chega-ao-aeroporto-de-viracopos-para-velorio-em-sao-paulo","status":"publish","type":"post","link":"https:\/\/www.caririemacao.com\/1\/2019\/11\/28\/corpo-de-gugu-liberato-chega-ao-aeroporto-de-viracopos-para-velorio-em-sao-paulo\/","title":{"rendered":"Corpo de Gugu Liberato chega ao Aeroporto de Viracopos para vel\u00f3rio em S\u00e3o Paulo"},"content":{"rendered":"\n<p>O voo com o corpo de Gugu Liberato chegou ao Aeroporto Internacional de Viracopos, em Campinas (SP), \u00e0s 6h01 desta quinta-feira (28). O vel\u00f3rio do apresentador ser\u00e1 na Assembleia Legislativa de S\u00e3o Paulo, na capital, a partir das 12h.<\/p>\n\n\n\n<p>Gugu, um dos maiores nomes da TV brasileira, morreu na semana passada em Orlando, nos Estados Unidos, ap\u00f3s um acidente dom\u00e9stico. Ele tinha 60 anos.<\/p>\n\n\n\n<p>O voo que trouxe o corpo do apresentador e a fam\u00edlia ao Brasil partiu de Orlando na noite de quarta-feira (27).<\/p>\n\n\n\n<p><strong>Prepara\u00e7\u00e3o do corpo e traslado<br><\/strong><\/p>\n\n\n\n<p>A concession\u00e1ria Aeroportos Brasil, que administra Viracopos, informou que os familiares de Gugu, entre eles a m\u00e3e de 90 anos, esposa e os tr\u00eas filhos, passaram pela imigra\u00e7\u00e3o normalmente e foram direcionados a uma \u00e1rea reservada para aguardar a libera\u00e7\u00e3o da urna com o corpo do apresentador.<\/p>\n\n\n\n<p>Depois, eles ter\u00e3o acesso ao transporte que os levar\u00e1 para S\u00e3o Paulo. A fam\u00edlia tamb\u00e9m pediu uma sala no terminal para fazer a maquiagem do corpo. A previs\u00e3o \u00e9 que, depois de realizados os procedimentos de imigra\u00e7\u00e3o e preparo do corpo, o traslado saia do aeroporto por volta das 9h.<\/p>\n\n\n\n<p>Os familiares de Gugu viajaram de Orlando para o Brasil na classe executiva. Primeiro aconteceu o desembarque do corpo. Depois, a fam\u00edlia do apresentador recebeu atendimento priorit\u00e1rio de imigra\u00e7\u00e3o em uma sala privativa. Eles foram os primeiros a descer do avi\u00e3o.<\/p>\n\n\n\n<p>Passageiros que estavam na aeronave relataram \u00e0s equipes do G1 e da EPTV, afiliada da TV Globo, que o voo foi tranquilo e eles praticamente n\u00e3o tiveram acesso \u00e0 fam\u00edlia de Gugu. De acordo com o economista Diego Santos, houve um aviso dentro do avi\u00e3o para que os familiares do apresentador n\u00e3o fossem incomodados.<\/p>\n\n\n\n<p>Durante o desembarque, a movimenta\u00e7\u00e3o foi tranquila no aeroporto. Dois f\u00e3s do apresentador, moradores de Piracicaba (SP), foram at\u00e9 o terminal para acompanhar a chegada. Um deles, Djalma Schiavi, levou uma coroa de flores em nome do f\u00e3 clube do apresentador S\u00edlvio Santos.<\/p>\n\n\n\n<p>O caix\u00e3o com o corpo de Gugu foi retirado pela porta lateral da aeronave dentro um cont\u00eainer, antes da sa\u00edda dos passageiros. A urna foi recolhida por um carro funer\u00e1rio na pista do aeroporto e seguiu para o terminal de cargas para os procedimentos de imigra\u00e7\u00e3o. A Receita Federal preparou uma opera\u00e7\u00e3o para o recebimento do corpo e libera\u00e7\u00e3o para o translado at\u00e9 a capital paulista.<\/p>\n\n\n\n<p>O corpo far\u00e1 o percurso at\u00e9 a Assembleia Legislativa no carro funer\u00e1rio, acompanhado por tr\u00eas viaturas da Pol\u00edcia Militar Rodovi\u00e1ria, sem paradas programadas, com trajeto pela Rodovia dos Bandeirantes, segundo informou a concession\u00e1ria Autoban. Segundo a assessoria de Gugu, n\u00e3o haver\u00e1 cortejo.<\/p>\n\n\n\n<p>A cerim\u00f4nia, que ser\u00e1 aberta ao p\u00fablico, deve come\u00e7ar por volta das 12h desta quinta e terminar \u00e0s 10h da sexta-feira (29). O corpo de Gugu ser\u00e1 velado em caix\u00e3o aberto. A entrada para o vel\u00f3rio ser\u00e1 pela Avenida Sargento M\u00e1rio Kozel Filho. Em seguida, o corpo ser\u00e1 enterrado no jazigo da fam\u00edlia no Cemit\u00e9rio Gets\u00eamani, no Morumbi, tamb\u00e9m na Zona Sul.<\/p>\n\n\n\n<p>Gugu sofreu um acidente em sua casa na Fl\u00f3rida, nos Estados Unidos, na quarta-feira (20). Ele era pai de tr\u00eas filhos que teve com a m\u00e9dica Rose Miriam di Matteo: Jo\u00e3o Augusto, de 18 anos, e as g\u00eameas Marina e Sophia, de 15 anos.<\/p>\n","protected":false},"excerpt":{"rendered":"<p>O voo com o corpo de Gugu Liberato chegou ao Aeroporto Internacional de Viracopos, em Campinas (SP), \u00e0s 6h01 desta quinta-feira (28). O vel\u00f3rio do&hellip; <\/p>\n","protected":false},"author":1,"featured_media":137397,"comment_status":"closed","ping_status":"closed","sticky":false,"template":"","format":"standard","meta":{"sfsi_plus_gutenberg_text_before_share":"","sfsi_plus_gutenberg_show_text_before_share":"","sfsi_plus_gutenberg_icon_type":"","sfsi_plus_gutenberg_icon_alignemt":"","sfsi_plus_gutenburg_max_per_row":"","footnotes":""},"categories":[2],"tags":[],"class_list":["post-138343","post","type-post","status-publish","format-standard","has-post-thumbnail","hentry","category-geral"],"_links":{"self":[{"href":"https:\/\/www.caririemacao.com\/1\/wp-json\/wp\/v2\/posts\/138343","targetHints":{"allow":["GET"]}}],"collection":[{"href":"https:\/\/www.caririemacao.com\/1\/wp-json\/wp\/v2\/posts"}],"about":[{"href":"https:\/\/www.caririemacao.com\/1\/wp-json\/wp\/v2\/types\/post"}],"author":[{"embeddable":true,"href":"https:\/\/www.caririemacao.com\/1\/wp-json\/wp\/v2\/users\/1"}],"replies":[{"embeddable":true,"href":"https:\/\/www.caririemacao.com\/1\/wp-json\/wp\/v2\/comments?post=138343"}],"version-history":[{"count":1,"href":"https:\/\/www.caririemacao.com\/1\/wp-json\/wp\/v2\/posts\/138343\/revisions"}],"predecessor-version":[{"id":138344,"href":"https:\/\/www.caririemacao.com\/1\/wp-json\/wp\/v2\/posts\/138343\/revisions\/138344"}],"wp:featuredmedia":[{"embeddable":true,"href":"https:\/\/www.caririemacao.com\/1\/wp-json\/wp\/v2\/media\/137397"}],"wp:attachment":[{"href":"https:\/\/www.caririemacao.com\/1\/wp-json\/wp\/v2\/media?parent=138343"}],"wp:term":[{"taxonomy":"category","embeddable":true,"href":"https:\/\/www.caririemacao.com\/1\/wp-json\/wp\/v2\/categories?post=138343"},{"taxonomy":"post_tag","embeddable":true,"href":"https:\/\/www.caririemacao.com\/1\/wp-json\/wp\/v2\/tags?post=138343"}],"curies":[{"name":"wp","href":"https:\/\/api.w.org\/{rel}","templated":true}]}}