{"id":138352,"date":"2019-11-28T09:27:40","date_gmt":"2019-11-28T12:27:40","guid":{"rendered":"http:\/\/www.caririemacao.com\/1\/?p=138352"},"modified":"2019-11-28T09:27:40","modified_gmt":"2019-11-28T12:27:40","slug":"torcedor-que-matou-botafoguense-com-espeto-e-condenado-a-26-anos","status":"publish","type":"post","link":"https:\/\/www.caririemacao.com\/1\/2019\/11\/28\/torcedor-que-matou-botafoguense-com-espeto-e-condenado-a-26-anos\/","title":{"rendered":"Torcedor que matou botafoguense com espeto \u00e9 condenado a 26 anos"},"content":{"rendered":"\n<p>O Tribunal de Justi\u00e7a do Estado do Rio de Janeiro condenou Rog\u00e9rio Silva Guinard, integrante da torcida organizada Jovem Fla, a 19 anos de reclus\u00e3o em regime fechado pela morte do torcedor do Botafogo, Diego Silva dos Santos, da torcida F\u00faria Jovem, durante conflito entre torcidas em fevereiro de 2017, no bairro do Engenho de Dentro, na zona norte do Rio, onde fica o est\u00e1dio do Botafogo.<\/p>\n\n\n\n<p>Durante a briga, Diego foi perfurado por Rog\u00e9rio com um espeto de churrasco. Guinard tamb\u00e9m foi condenado a outros sete anos e seis meses de reclus\u00e3o por associa\u00e7\u00e3o criminosa.<\/p>\n\n\n\n<p>O j\u00fari teve in\u00edcio na tarde de ter\u00e7a-feira (26) e a senten\u00e7a foi anunciada pela ju\u00edza Elizabeth Louro, presidente do 2\u00ba Tribunal do J\u00fari da Capital, nesta quarta-feira (27).<\/p>\n\n\n\n<h2 class=\"wp-block-heading\">Associa\u00e7\u00e3o criminosa<\/h2>\n\n\n\n<p>Outro acusado de participar do conflito, Herbert Vinicius Sabino de Paula, foi absolvido do crime de homic\u00eddio, mas foi condenado por associa\u00e7\u00e3o criminosa. Segundo a Justi\u00e7a estadual, como Herbert j\u00e1 cumpriu tr\u00eas anos em pris\u00e3o provis\u00f3ria, o restante da pena ser\u00e1 em regime aberto.<\/p>\n\n\n\n<p>Um terceiro acusado de participar do crime, tamb\u00e9m integrante da torcida Jovem Fla, Vitor Port\u00eancio da Silva, que tamb\u00e9m seria julgado na ter\u00e7a-feira (26), teve o j\u00fari adiado porque os advogados n\u00e3o compareceram. Ele agora ter\u00e1 sua defesa sob a responsabilidade da Defensoria P\u00fablica enquanto aguarda a marca\u00e7\u00e3o de nova data para o julgamento.<\/p>\n\n\n\n<p>No dia 12 de fevereiro de 2017, durante o confronto entre flamenguistas e botafoguenses, Diego Silva dos Santos caiu no ch\u00e3o, foi atingido por chutes, socos, golpes de porrete e perfurado v\u00e1rias vezes. Ele chegou a ser socorrido por torcedores do Botafogo, mas morreu no Hospital Salgado Filho.<\/p>\n\n\n\n<p>\u201cPara al\u00e9m das delet\u00e9rias consequ\u00eancias de crimes que tais para a sociedade em geral, releva notar o perigo presumido que comportamentos desta natureza representam para o Estado Democr\u00e1tico de Direito, a julgar pelo discurso fascista dos integrantes destes grupos, indicando que o principal m\u00f3vel de suas condutas \u00e9 a destrui\u00e7\u00e3o pura e simples do outro, entendido este como aquele que n\u00e3o professe suas cren\u00e7as ou n\u00e3o partilhe de seus gostos e escolhas\u201d, disse a magistrada durante a leitura da senten\u00e7a.<\/p>\n","protected":false},"excerpt":{"rendered":"<p>O Tribunal de Justi\u00e7a do Estado do Rio de Janeiro condenou Rog\u00e9rio Silva Guinard, integrante da torcida organizada Jovem Fla, a 19 anos de reclus\u00e3o&hellip; <\/p>\n","protected":false},"author":1,"featured_media":80559,"comment_status":"closed","ping_status":"closed","sticky":false,"template":"","format":"standard","meta":{"sfsi_plus_gutenberg_text_before_share":"","sfsi_plus_gutenberg_show_text_before_share":"","sfsi_plus_gutenberg_icon_type":"","sfsi_plus_gutenberg_icon_alignemt":"","sfsi_plus_gutenburg_max_per_row":"","footnotes":""},"categories":[12],"tags":[],"class_list":["post-138352","post","type-post","status-publish","format-standard","has-post-thumbnail","hentry","category-policia"],"_links":{"self":[{"href":"https:\/\/www.caririemacao.com\/1\/wp-json\/wp\/v2\/posts\/138352","targetHints":{"allow":["GET"]}}],"collection":[{"href":"https:\/\/www.caririemacao.com\/1\/wp-json\/wp\/v2\/posts"}],"about":[{"href":"https:\/\/www.caririemacao.com\/1\/wp-json\/wp\/v2\/types\/post"}],"author":[{"embeddable":true,"href":"https:\/\/www.caririemacao.com\/1\/wp-json\/wp\/v2\/users\/1"}],"replies":[{"embeddable":true,"href":"https:\/\/www.caririemacao.com\/1\/wp-json\/wp\/v2\/comments?post=138352"}],"version-history":[{"count":1,"href":"https:\/\/www.caririemacao.com\/1\/wp-json\/wp\/v2\/posts\/138352\/revisions"}],"predecessor-version":[{"id":138353,"href":"https:\/\/www.caririemacao.com\/1\/wp-json\/wp\/v2\/posts\/138352\/revisions\/138353"}],"wp:featuredmedia":[{"embeddable":true,"href":"https:\/\/www.caririemacao.com\/1\/wp-json\/wp\/v2\/media\/80559"}],"wp:attachment":[{"href":"https:\/\/www.caririemacao.com\/1\/wp-json\/wp\/v2\/media?parent=138352"}],"wp:term":[{"taxonomy":"category","embeddable":true,"href":"https:\/\/www.caririemacao.com\/1\/wp-json\/wp\/v2\/categories?post=138352"},{"taxonomy":"post_tag","embeddable":true,"href":"https:\/\/www.caririemacao.com\/1\/wp-json\/wp\/v2\/tags?post=138352"}],"curies":[{"name":"wp","href":"https:\/\/api.w.org\/{rel}","templated":true}]}}