{"id":138362,"date":"2019-11-28T09:36:49","date_gmt":"2019-11-28T12:36:49","guid":{"rendered":"http:\/\/www.caririemacao.com\/1\/?p=138362"},"modified":"2019-11-28T09:36:49","modified_gmt":"2019-11-28T12:36:49","slug":"prefeitura-de-sume-e-sebrae-oferecem-curso-voltado-a-empreendedores-e-microempreendedores-2","status":"publish","type":"post","link":"https:\/\/www.caririemacao.com\/1\/2019\/11\/28\/prefeitura-de-sume-e-sebrae-oferecem-curso-voltado-a-empreendedores-e-microempreendedores-2\/","title":{"rendered":"Prefeitura de Sum\u00e9 e Sebrae oferecem curso voltado a empreendedores e microempreendedores"},"content":{"rendered":"\n<p>Conquistar e manter clientes s\u00e3o tarefas das mais dif\u00edceis para qualquer empresa. Os consumidores est\u00e3o cada vez mais exigentes e ofertar um bom atendimento \u00e9 fundamental para alcan\u00e7ar esses objetivos.<br>Pensando nisso e dando continuidade \u00e0s a\u00e7\u00f5es que visam fortalecer o com\u00e9rcio local, a Prefeitura de Sum\u00e9, atrav\u00e9s da Sala do Empreendedor, e o Sebrae realizaram nos dias 18 a 22 de novembro, o curso: \u201cComo atender melhor seu cliente com foco em vendas\u201d.<br>Foram ofertadas 40 vagas para os empreendedores e microempreendedores individuais (MEI), que de forma gratuita tiveram a oportunidade de se capacitar e melhorar as estrat\u00e9gias de vendas.<br>No curso foi trabalhado as estrat\u00e9gias de manter, ganhar novos clientes e garantir a divulga\u00e7\u00e3o do empreendimento por meio do bom atendimento, dando exemplos de solu\u00e7\u00f5es adotadas por outros empreendedores e de como fazer um diagn\u00f3stico para buscar a satisfa\u00e7\u00e3o m\u00e1xima do consumidor conquistando uma excelente imagem.<br>O curso foi ministrado pela consultora do Sebrae Iara Trajano, que ressaltou a import\u00e2ncia do bom atendimento para o sucesso de um empreendimento \u201c \u00c9 uma preocupa\u00e7\u00e3o da Prefeitura junto com o Sebrae proporcionar aos empres\u00e1rios mais conhecimento para que eles possam acolher melhor os clientes usando ferramentas fundamentais\u201d, ressaltou.<br>J\u00e9ssica Viera, respons\u00e1vel pela Sala do Empreendedor de Sum\u00e9 afirmou que a Prefeitura tem tido essa preocupa\u00e7\u00e3o em ofertar ao com\u00e9rcio local cursos de aperfei\u00e7oamento, \u201cfoi assim em 2019 e em 2020&nbsp;&nbsp;novas capacita\u00e7\u00f5es ir\u00e3o acontecer com o objetivo de ajudar no crescimento da economia do munic\u00edpio\u201d, informou.<\/p>\n","protected":false},"excerpt":{"rendered":"<p>Conquistar e manter clientes s\u00e3o tarefas das mais dif\u00edceis para qualquer empresa. Os consumidores est\u00e3o cada vez mais exigentes e ofertar um bom atendimento \u00e9&hellip; <\/p>\n","protected":false},"author":1,"featured_media":135301,"comment_status":"closed","ping_status":"closed","sticky":false,"template":"","format":"standard","meta":{"sfsi_plus_gutenberg_text_before_share":"","sfsi_plus_gutenberg_show_text_before_share":"","sfsi_plus_gutenberg_icon_type":"","sfsi_plus_gutenberg_icon_alignemt":"","sfsi_plus_gutenburg_max_per_row":"","footnotes":""},"categories":[2],"tags":[],"class_list":["post-138362","post","type-post","status-publish","format-standard","has-post-thumbnail","hentry","category-geral"],"_links":{"self":[{"href":"https:\/\/www.caririemacao.com\/1\/wp-json\/wp\/v2\/posts\/138362","targetHints":{"allow":["GET"]}}],"collection":[{"href":"https:\/\/www.caririemacao.com\/1\/wp-json\/wp\/v2\/posts"}],"about":[{"href":"https:\/\/www.caririemacao.com\/1\/wp-json\/wp\/v2\/types\/post"}],"author":[{"embeddable":true,"href":"https:\/\/www.caririemacao.com\/1\/wp-json\/wp\/v2\/users\/1"}],"replies":[{"embeddable":true,"href":"https:\/\/www.caririemacao.com\/1\/wp-json\/wp\/v2\/comments?post=138362"}],"version-history":[{"count":1,"href":"https:\/\/www.caririemacao.com\/1\/wp-json\/wp\/v2\/posts\/138362\/revisions"}],"predecessor-version":[{"id":138363,"href":"https:\/\/www.caririemacao.com\/1\/wp-json\/wp\/v2\/posts\/138362\/revisions\/138363"}],"wp:featuredmedia":[{"embeddable":true,"href":"https:\/\/www.caririemacao.com\/1\/wp-json\/wp\/v2\/media\/135301"}],"wp:attachment":[{"href":"https:\/\/www.caririemacao.com\/1\/wp-json\/wp\/v2\/media?parent=138362"}],"wp:term":[{"taxonomy":"category","embeddable":true,"href":"https:\/\/www.caririemacao.com\/1\/wp-json\/wp\/v2\/categories?post=138362"},{"taxonomy":"post_tag","embeddable":true,"href":"https:\/\/www.caririemacao.com\/1\/wp-json\/wp\/v2\/tags?post=138362"}],"curies":[{"name":"wp","href":"https:\/\/api.w.org\/{rel}","templated":true}]}}