{"id":138368,"date":"2019-11-28T09:39:57","date_gmt":"2019-11-28T12:39:57","guid":{"rendered":"http:\/\/www.caririemacao.com\/1\/?p=138368"},"modified":"2019-11-28T09:39:57","modified_gmt":"2019-11-28T12:39:57","slug":"estudante-caririzeira-representa-a-paraiba-em-concurso-de-redacao-jovem-senador","status":"publish","type":"post","link":"https:\/\/www.caririemacao.com\/1\/2019\/11\/28\/estudante-caririzeira-representa-a-paraiba-em-concurso-de-redacao-jovem-senador\/","title":{"rendered":"Estudante caririzeira representa a Para\u00edba em Concurso de Reda\u00e7\u00e3o Jovem Senador"},"content":{"rendered":"\n<p>27 estudantes brasileiros foram selecionados no concurso de reda\u00e7\u00e3o para participar do Projeto Jovem Senador 2019 e foram recebidos no Senado Federal nesta segunda-feira (25).<\/p>\n\n\n\n<p>Representando o Estado da Para\u00edba, a estudante taperoaense Maria Adelaide, aluna do 3\u00b0 ano da ECIT Melqu\u00edades Vilar em Tapero\u00e1\/PB, conquistou o 1\u00b0 Lugar da Para\u00edba no Concurso de Reda\u00e7\u00e3o Jovem Senador.<\/p>\n\n\n\n<p>A estudante caririzeira juntamente com os demais selecionados, tomaram posse ter\u00e7a (26) no Plen\u00e1rio e at\u00e9 a sexta (29) conhecer\u00e3o as regras do processo legislativo e apresentar\u00e3o, discutir\u00e3o e votar\u00e3o sugest\u00f5es que podem tramitar como projetos de lei.<\/p>\n\n\n\n<p>O Presidente do conselho do projeto, o senador Iraj\u00e1 (PSD-TO) disse que os alunos ter\u00e3o a chance \u00fanica de conhecer o dia a dia de um parlamentar e o funcionamento da Casa.<\/p>\n\n\n\n<p>\u2014 N\u00f3s tivemos este ano a participa\u00e7\u00e3o de 21 mil escolas p\u00fablicas de ensino m\u00e9dio de todo o Brasil [no concurso de reda\u00e7\u00e3o]. Foram cerca de 120 mil reda\u00e7\u00f5es. Voc\u00eas tiveram o privil\u00e9gio de terem sido escolhidos, com todo o merecimento. Apenas um por estado foi selecionado. Voc\u00eas simbolizam esses milhares de alunos que gostariam de ter uma chance de estar aqui \u2014 disse Iraj\u00e1.<\/p>\n\n\n\n<div class=\"wp-block-image\"><figure class=\"aligncenter\"><img decoding=\"async\" data-src=\"http:\/\/deolhonocariri.com.br\/wp-content\/uploads\/2019\/11\/imagem.jpg\" alt=\"\" class=\"wp-image-74465 lazyload\" src=\"data:image\/svg+xml;base64,PHN2ZyB3aWR0aD0iMSIgaGVpZ2h0PSIxIiB4bWxucz0iaHR0cDovL3d3dy53My5vcmcvMjAwMC9zdmciPjwvc3ZnPg==\" \/><\/figure><\/div>\n\n\n\n<p>O Projeto Jovem Senador foi criado em 2011 e d\u00e1 aos estudantes do ensino m\u00e9dio de escolas p\u00fablicas estaduais com idade at\u00e9 19 anos a chance de conhecer de perto o processo legislativo brasileiro. Para concorrer, os jovens fazem reda\u00e7\u00f5es sobre um assunto determinado a cada ano. \u201cCidad\u00e3o que acompanha o or\u00e7amento p\u00fablico d\u00e1 valor ao Brasil\u201d foi o tema de 2019, que reuniu 122.695 reda\u00e7\u00f5es e mobilizou 264 mil alunos e 8 mil professores.<\/p>\n","protected":false},"excerpt":{"rendered":"<p>27 estudantes brasileiros foram selecionados no concurso de reda\u00e7\u00e3o para participar do Projeto Jovem Senador 2019 e foram recebidos no Senado Federal nesta segunda-feira (25).&hellip; <\/p>\n","protected":false},"author":1,"featured_media":138369,"comment_status":"closed","ping_status":"closed","sticky":false,"template":"","format":"standard","meta":{"sfsi_plus_gutenberg_text_before_share":"","sfsi_plus_gutenberg_show_text_before_share":"","sfsi_plus_gutenberg_icon_type":"","sfsi_plus_gutenberg_icon_alignemt":"","sfsi_plus_gutenburg_max_per_row":"","footnotes":""},"categories":[2],"tags":[],"class_list":["post-138368","post","type-post","status-publish","format-standard","has-post-thumbnail","hentry","category-geral"],"_links":{"self":[{"href":"https:\/\/www.caririemacao.com\/1\/wp-json\/wp\/v2\/posts\/138368","targetHints":{"allow":["GET"]}}],"collection":[{"href":"https:\/\/www.caririemacao.com\/1\/wp-json\/wp\/v2\/posts"}],"about":[{"href":"https:\/\/www.caririemacao.com\/1\/wp-json\/wp\/v2\/types\/post"}],"author":[{"embeddable":true,"href":"https:\/\/www.caririemacao.com\/1\/wp-json\/wp\/v2\/users\/1"}],"replies":[{"embeddable":true,"href":"https:\/\/www.caririemacao.com\/1\/wp-json\/wp\/v2\/comments?post=138368"}],"version-history":[{"count":1,"href":"https:\/\/www.caririemacao.com\/1\/wp-json\/wp\/v2\/posts\/138368\/revisions"}],"predecessor-version":[{"id":138370,"href":"https:\/\/www.caririemacao.com\/1\/wp-json\/wp\/v2\/posts\/138368\/revisions\/138370"}],"wp:featuredmedia":[{"embeddable":true,"href":"https:\/\/www.caririemacao.com\/1\/wp-json\/wp\/v2\/media\/138369"}],"wp:attachment":[{"href":"https:\/\/www.caririemacao.com\/1\/wp-json\/wp\/v2\/media?parent=138368"}],"wp:term":[{"taxonomy":"category","embeddable":true,"href":"https:\/\/www.caririemacao.com\/1\/wp-json\/wp\/v2\/categories?post=138368"},{"taxonomy":"post_tag","embeddable":true,"href":"https:\/\/www.caririemacao.com\/1\/wp-json\/wp\/v2\/tags?post=138368"}],"curies":[{"name":"wp","href":"https:\/\/api.w.org\/{rel}","templated":true}]}}