{"id":138383,"date":"2019-11-28T11:45:25","date_gmt":"2019-11-28T14:45:25","guid":{"rendered":"http:\/\/www.caririemacao.com\/1\/?p=138383"},"modified":"2019-11-28T11:45:25","modified_gmt":"2019-11-28T14:45:25","slug":"camara-de-caraubas-realiza-mais-uma-importante-reuniao-ordinaria","status":"publish","type":"post","link":"https:\/\/www.caririemacao.com\/1\/2019\/11\/28\/camara-de-caraubas-realiza-mais-uma-importante-reuniao-ordinaria\/","title":{"rendered":"C\u00e2mara de Cara\u00fabas realiza mais uma importante reuni\u00e3o ordin\u00e1ria"},"content":{"rendered":"\n<p>Na noite da \u00faltima ter\u00e7a-feira, dia 26, a C\u00e2mara Municipal de Vereadores de Cara\u00fabas, presidida pelo vereador Nero, realizou mais uma importante reuni\u00e3o ordin\u00e1ria para debater os interesses da popula\u00e7\u00e3o caraubense. Na pauta, constaram 03 projetos de lei, um de iniciativa da vereadora Neide e dois do prefeito Silvano.<\/p>\n\n\n\n<figure class=\"wp-block-image\"><img fetchpriority=\"high\" decoding=\"async\" width=\"1024\" height=\"678\" src=\"http:\/\/www.caririemacao.com\/1\/wp-content\/uploads\/2019\/11\/DSC_0202-1024x678.jpg\" alt=\"\" class=\"wp-image-138385\" srcset=\"https:\/\/www.caririemacao.com\/1\/wp-content\/uploads\/2019\/11\/DSC_0202-1024x678.jpg 1024w, https:\/\/www.caririemacao.com\/1\/wp-content\/uploads\/2019\/11\/DSC_0202-300x199.jpg 300w, https:\/\/www.caririemacao.com\/1\/wp-content\/uploads\/2019\/11\/DSC_0202-768x509.jpg 768w, https:\/\/www.caririemacao.com\/1\/wp-content\/uploads\/2019\/11\/DSC_0202.jpg 1280w\" sizes=\"(max-width: 1024px) 100vw, 1024px\" \/><\/figure>\n\n\n\n<p>A vereadora Neide prop\u00f4s a C\u00e2mara Municipal o T\u00edtulo de\nCidad\u00e3o Honor\u00e1rio de Cara\u00fabas ao sargento da Policia Militar, Aizo June Viana\nBarbosa, servidor p\u00fablico do Estado da Para\u00edba, lotado no Batalh\u00e3o de Pol\u00edcia Militar\nsediado na cidade de Monteiro. Na justificativa, a vereadora Neide relatou a trajet\u00f3ria\nprofissional do sargento Aizo e pediu que os vereadores aprovassem esta\npropositura. \u201cO sargento Aizo se identifica com a cidade de Cara\u00fabas, pois, tem\natendido com muita aten\u00e7\u00e3o a popula\u00e7\u00e3o na \u00e1rea da Seguran\u00e7a P\u00fablica,\ndemonstrando o seu esfor\u00e7o e dedica\u00e7\u00e3o em manter a ordem e a disciplina\u201d,\njustificou. <\/p>\n\n\n\n<p>Os vereadores tamb\u00e9m tomaram conhecimento do Projeto de Lei,\nde autoria do Poder Executivo, &nbsp;que tem\ncomo objetivo criar a Coordenadoria Municipal de Pol\u00edticas para as Mulheres do\nmunic\u00edpio de Cara\u00fabas, vinculada \u00e0 Secretaria da Assist\u00eancia Social &#8211; SEMAS,\ncom a finalidade de discutir e encaminhar pol\u00edticas p\u00fablicas sob a \u00f3tica de\ng\u00eanero com recorte de ra\u00e7a e etnia, respeitando as diferentes demandas das\ndiversas faixas de idade, a livre orienta\u00e7\u00e3o sexual e religiosa e destinadas a\ngarantir a igualdade de oportunidades e de direitos entre homens e mulheres, de\nforma a assegurar \u00e0 popula\u00e7\u00e3o feminina o pleno exerc\u00edcio de sua cidadania, na\nperspectiva de sua autonomia e emancipa\u00e7\u00e3o. <\/p>\n\n\n\n<p>Outro projeto que foi apresentado aos vereadores, quando aprovado, altera a estrutura administrativa da Secretaria Municipal de Assist\u00eancia Social. De acordo com o projeto, a reformula\u00e7\u00e3o se faz necess\u00e1ria para adequar as normas municipais \u00e0 atual realidade, tendo em vista as modifica\u00e7\u00f5es sofridas na legisla\u00e7\u00e3o estadual e federal que regulam as Pol\u00edticas P\u00fablicas da Assist\u00eancia Social. <\/p>\n\n\n\n<p>Tamb\u00e9m estiveram participando da tribuna os secret\u00e1rios de sa\u00fade e de assist\u00eancia social., Leonardo e Flavinha, respectivamente.<\/p>\n\n\n\n<p><\/p>\n","protected":false},"excerpt":{"rendered":"<p>Na noite da \u00faltima ter\u00e7a-feira, dia 26, a C\u00e2mara Municipal de Vereadores de Cara\u00fabas, presidida pelo vereador Nero, realizou mais uma importante reuni\u00e3o ordin\u00e1ria para&hellip; <\/p>\n","protected":false},"author":2,"featured_media":138384,"comment_status":"closed","ping_status":"closed","sticky":false,"template":"","format":"standard","meta":{"sfsi_plus_gutenberg_text_before_share":"","sfsi_plus_gutenberg_show_text_before_share":"","sfsi_plus_gutenberg_icon_type":"","sfsi_plus_gutenberg_icon_alignemt":"","sfsi_plus_gutenburg_max_per_row":"","footnotes":""},"categories":[50,2],"tags":[],"class_list":["post-138383","post","type-post","status-publish","format-standard","has-post-thumbnail","hentry","category-destaque","category-geral"],"_links":{"self":[{"href":"https:\/\/www.caririemacao.com\/1\/wp-json\/wp\/v2\/posts\/138383","targetHints":{"allow":["GET"]}}],"collection":[{"href":"https:\/\/www.caririemacao.com\/1\/wp-json\/wp\/v2\/posts"}],"about":[{"href":"https:\/\/www.caririemacao.com\/1\/wp-json\/wp\/v2\/types\/post"}],"author":[{"embeddable":true,"href":"https:\/\/www.caririemacao.com\/1\/wp-json\/wp\/v2\/users\/2"}],"replies":[{"embeddable":true,"href":"https:\/\/www.caririemacao.com\/1\/wp-json\/wp\/v2\/comments?post=138383"}],"version-history":[{"count":1,"href":"https:\/\/www.caririemacao.com\/1\/wp-json\/wp\/v2\/posts\/138383\/revisions"}],"predecessor-version":[{"id":138386,"href":"https:\/\/www.caririemacao.com\/1\/wp-json\/wp\/v2\/posts\/138383\/revisions\/138386"}],"wp:featuredmedia":[{"embeddable":true,"href":"https:\/\/www.caririemacao.com\/1\/wp-json\/wp\/v2\/media\/138384"}],"wp:attachment":[{"href":"https:\/\/www.caririemacao.com\/1\/wp-json\/wp\/v2\/media?parent=138383"}],"wp:term":[{"taxonomy":"category","embeddable":true,"href":"https:\/\/www.caririemacao.com\/1\/wp-json\/wp\/v2\/categories?post=138383"},{"taxonomy":"post_tag","embeddable":true,"href":"https:\/\/www.caririemacao.com\/1\/wp-json\/wp\/v2\/tags?post=138383"}],"curies":[{"name":"wp","href":"https:\/\/api.w.org\/{rel}","templated":true}]}}